{"id":59621,"date":"2026-08-30T09:00:00","date_gmt":"2026-08-30T12:00:00","guid":{"rendered":"https:\/\/www.solucoesindustriais.com.br\/news\/?p=59621"},"modified":"2026-08-28T12:24:03","modified_gmt":"2026-08-28T15:24:03","slug":"taxa-de-desocupacao-no-trimestre-encerrado-em-julho","status":"publish","type":"post","link":"https:\/\/www.solucoesindustriais.com.br\/news\/economia-e-negocios\/taxa-de-desocupacao-no-trimestre-encerrado-em-julho\/","title":{"rendered":"Taxa de desocupa\u00e7\u00e3o cai para 5,3% no trimestre encerrado em julho"},"content":{"rendered":"<div class=\"tts_content_wrapper_1\" >\n<h3 class=\"wp-block-heading\">Com a taxa de desocupa\u00e7\u00e3o em 5,3%, o mercado de trabalho tamb\u00e9m registrou queda na subutiliza\u00e7\u00e3o e redu\u00e7\u00e3o no contingente de pessoas desalentadas.<\/h3>\n\n\n\n<p>O trimestre encerrado em julho consolidou uma melhora relevante no mercado de trabalho, segundo a PNAD Cont\u00ednua do IBGE, com queda no n\u00famero de desempregados e novo recorde de ocupa\u00e7\u00e3o. O movimento tamb\u00e9m veio acompanhado por redu\u00e7\u00e3o da subutiliza\u00e7\u00e3o, menor desalento e crescimento da massa de rendimentos.<\/p>\n\n\n\n<h2 class=\"wp-block-heading\">Desocupa\u00e7\u00e3o recua e alcan\u00e7a 5,3%<\/h2>\n\n\n\n<p>O mercado de trabalho brasileiro registrou taxa de desocupa\u00e7\u00e3o de 5,3% entre maio e julho de 2026, resultado inferior aos 5,8% observados no per\u00edodo m\u00f3vel encerrado em abril.<\/p>\n\n\n\n<p>Na compara\u00e7\u00e3o com maio, junho e julho de 2025, quando o indicador estava em 5,6%, houve redu\u00e7\u00e3o de 0,3 ponto percentual na parcela da for\u00e7a de trabalho que procurava emprego.<\/p>\n\n\n\n<p>O contingente sem ocupa\u00e7\u00e3o chegou a 5,8 milh\u00f5es de pessoas, com redu\u00e7\u00e3o de 503 mil trabalhadores em rela\u00e7\u00e3o aos 6,3 milh\u00f5es contabilizados no trimestre terminado em abril.<\/p>\n\n\n\n<p>A diferen\u00e7a anual tamb\u00e9m mostrou melhora, pois o pa\u00eds passou a ter 299 mil pessoas a menos nessa situa\u00e7\u00e3o frente ao mesmo intervalo de 2025.<\/p>\n\n\n\n<p>Ao mesmo tempo, a for\u00e7a de trabalho alcan\u00e7ou 109,2 milh\u00f5es de brasileiros, maior n\u00famero da s\u00e9rie hist\u00f3rica, ap\u00f3s acr\u00e9scimo de 499 mil pessoas na compara\u00e7\u00e3o trimestral.<\/p>\n\n\n\n<p>Outro sinal favor\u00e1vel apareceu entre os desalentados, cujo contingente caiu para 2,3 milh\u00f5es ap\u00f3s redu\u00e7\u00f5es de 9,7% no trimestre e 14,1% em rela\u00e7\u00e3o ao ano anterior.<\/p>\n\n\n\n<h2 class=\"wp-block-heading\">Ocupa\u00e7\u00e3o alcan\u00e7a novo recorde<\/h2>\n\n\n\n<p>O total de brasileiros com alguma ocupa\u00e7\u00e3o chegou a 103,3 milh\u00f5es no trimestre encerrado em julho, patamar mais elevado registrado pela s\u00e9rie hist\u00f3rica da pesquisa.<\/p>\n\n\n\n<p>Esse contingente recebeu aproximadamente 1 milh\u00e3o de trabalhadores adicionais frente ao trimestre terminado em abril, enquanto a compara\u00e7\u00e3o anual apresentou acr\u00e9scimo de 899 mil pessoas.<\/p>\n\n\n\n<p>A parcela da popula\u00e7\u00e3o em idade de trabalhar que possu\u00eda uma ocupa\u00e7\u00e3o chegou a 58,9%, contra 58,4% no per\u00edodo m\u00f3vel anterior e 58,8% um ano antes.<\/p>\n\n\n\n<p>Entre os v\u00ednculos privados, 39,4 milh\u00f5es de empregados possu\u00edam carteira assinada, quantidade recorde que permaneceu estatisticamente est\u00e1vel tanto na compara\u00e7\u00e3o trimestral quanto na anual.<\/p>\n\n\n\n<p>J\u00e1 os empregados do setor privado sem carteira somaram 13,8 milh\u00f5es, ap\u00f3s acr\u00e9scimo trimestral de 477 mil pessoas, o que levou o emprego privado total ao recorde de 53,2 milh\u00f5es.<\/p>\n\n\n\n<p>A informalidade representou 37,5% da popula\u00e7\u00e3o ocupada, equivalente a 38,8 milh\u00f5es de trabalhadores, enquanto os profissionais por conta pr\u00f3pria totalizaram 26,1 milh\u00f5es no per\u00edodo.<\/p>\n\n\n\n<h2 class=\"wp-block-heading\">Constru\u00e7\u00e3o concentra avan\u00e7o trimestral<\/h2>\n\n\n\n<p>Entre os grandes segmentos econ\u00f4micos pesquisados, a constru\u00e7\u00e3o foi o \u00fanico que apresentou crescimento estatisticamente significativo da ocupa\u00e7\u00e3o frente ao trimestre encerrado em abril.<\/p>\n\n\n\n<p>O setor incorporou 371 mil trabalhadores no per\u00edodo, expans\u00e3o de 5,1%, enquanto as demais atividades permaneceram sem altera\u00e7\u00f5es consideradas relevantes nessa compara\u00e7\u00e3o.<\/p>\n\n\n\n<p>No confronto anual, a constru\u00e7\u00e3o tamb\u00e9m apresentou resultado positivo, com acr\u00e9scimo de 308 mil ocupados, enquanto transporte, armazenagem e correio adicionaram outros 321 mil trabalhadores.<\/p>\n\n\n\n<p>Administra\u00e7\u00e3o p\u00fablica, defesa, educa\u00e7\u00e3o, sa\u00fade e servi\u00e7os sociais registraram mais 438 mil pessoas ocupadas frente ao mesmo trimestre de 2025, equivalente a uma expans\u00e3o de 2,3%.<\/p>\n\n\n\n<p>Os servi\u00e7os dom\u00e9sticos seguiram dire\u00e7\u00e3o oposta nesse intervalo, com redu\u00e7\u00e3o anual de aproximadamente 229 mil trabalhadores, movimento que levou o contingente da atividade para 5,4 milh\u00f5es.<\/p>\n\n\n\n<h2 class=\"wp-block-heading\">Renda do trabalho atinge maior massa da s\u00e9rie<\/h2>\n\n\n\n<p>O rendimento real habitual de todos os trabalhos ficou em R$ 3.762 mensais, sem altera\u00e7\u00e3o estatisticamente relevante no trimestre e com crescimento de 3,3% na compara\u00e7\u00e3o anual.<\/p>\n\n\n\n<p>A soma dos rendimentos recebidos pelos trabalhadores alcan\u00e7ou R$ 383,5 bilh\u00f5es, maior patamar da s\u00e9rie hist\u00f3rica, ap\u00f3s crescimento de 4,1% frente ao mesmo per\u00edodo de 2025.<\/p>\n\n\n\n<p>Entre as atividades econ\u00f4micas, alojamento e alimenta\u00e7\u00e3o apresentou queda trimestral de 5,1% no rendimento m\u00e9dio, enquanto os demais grupos permaneceram estatisticamente est\u00e1veis nessa compara\u00e7\u00e3o.<\/p>\n\n\n\n<p>Na an\u00e1lise anual, ind\u00fastria, outros servi\u00e7os e servi\u00e7os dom\u00e9sticos registraram aumento da remunera\u00e7\u00e3o m\u00e9dia, com avan\u00e7os respectivos de 4,7%, 6,6% e 4,1%.<\/p>\n\n\n\n<p>A melhora tamb\u00e9m apareceu entre empregados com carteira assinada, trabalhadores dom\u00e9sticos e profissionais por conta pr\u00f3pria, cujos rendimentos apresentaram crescimento frente ao trimestre correspondente de 2025.<\/p>\n\n\n\n<p>Al\u00e9m da evolu\u00e7\u00e3o da renda, a subutiliza\u00e7\u00e3o da for\u00e7a de trabalho recuou para 13%, enquanto o contingente nessa condi\u00e7\u00e3o caiu para 14,9 milh\u00f5es de brasileiros.<\/p>\n<\/div>","protected":false},"excerpt":{"rendered":"<p>Com a taxa de desocupa\u00e7\u00e3o em 5,3%, o mercado de trabalho tamb\u00e9m registrou queda na subutiliza\u00e7\u00e3o e redu\u00e7\u00e3o no contingente de pessoas desalentadas. O trimestre encerrado em julho consolidou uma melhora relevante no mercado de trabalho, segundo a PNAD Cont\u00ednua do IBGE, com queda no n\u00famero de desempregados e novo recorde de ocupa\u00e7\u00e3o. O movimento &hellip;<\/p>\n","protected":false},"author":4,"featured_media":59622,"comment_status":"open","ping_status":"open","sticky":false,"template":"","format":"standard","meta":{"footnotes":""},"categories":[3],"tags":[],"class_list":["post-59621","post","type-post","status-publish","format-standard","has-post-thumbnail","hentry","category-economia-e-negocios"],"amp_enabled":true,"_links":{"self":[{"href":"https:\/\/www.solucoesindustriais.com.br\/news\/wp-json\/wp\/v2\/posts\/59621","targetHints":{"allow":["GET"]}}],"collection":[{"href":"https:\/\/www.solucoesindustriais.com.br\/news\/wp-json\/wp\/v2\/posts"}],"about":[{"href":"https:\/\/www.solucoesindustriais.com.br\/news\/wp-json\/wp\/v2\/types\/post"}],"author":[{"embeddable":true,"href":"https:\/\/www.solucoesindustriais.com.br\/news\/wp-json\/wp\/v2\/users\/4"}],"replies":[{"embeddable":true,"href":"https:\/\/www.solucoesindustriais.com.br\/news\/wp-json\/wp\/v2\/comments?post=59621"}],"version-history":[{"count":1,"href":"https:\/\/www.solucoesindustriais.com.br\/news\/wp-json\/wp\/v2\/posts\/59621\/revisions"}],"predecessor-version":[{"id":59623,"href":"https:\/\/www.solucoesindustriais.com.br\/news\/wp-json\/wp\/v2\/posts\/59621\/revisions\/59623"}],"wp:featuredmedia":[{"embeddable":true,"href":"https:\/\/www.solucoesindustriais.com.br\/news\/wp-json\/wp\/v2\/media\/59622"}],"wp:attachment":[{"href":"https:\/\/www.solucoesindustriais.com.br\/news\/wp-json\/wp\/v2\/media?parent=59621"}],"wp:term":[{"taxonomy":"category","embeddable":true,"href":"https:\/\/www.solucoesindustriais.com.br\/news\/wp-json\/wp\/v2\/categories?post=59621"},{"taxonomy":"post_tag","embeddable":true,"href":"https:\/\/www.solucoesindustriais.com.br\/news\/wp-json\/wp\/v2\/tags?post=59621"}],"curies":[{"name":"wp","href":"https:\/\/api.w.org\/{rel}","templated":true}]}}