{"id":59624,"date":"2026-08-30T09:30:00","date_gmt":"2026-08-30T12:30:00","guid":{"rendered":"https:\/\/www.solucoesindustriais.com.br\/news\/?p=59624"},"modified":"2026-08-28T14:54:19","modified_gmt":"2026-08-28T17:54:19","slug":"precos-da-industria-em-julho-de-2026","status":"publish","type":"post","link":"https:\/\/www.solucoesindustriais.com.br\/news\/industria-e-tendencias\/precos-da-industria-em-julho-de-2026\/","title":{"rendered":"Pre\u00e7os da ind\u00fastria caem 0,83% em julho"},"content":{"rendered":"<div class=\"tts_content_wrapper_1\" >\n<h3 class=\"wp-block-heading\">O resultado de julho mostra um comportamento desigual entre as cadeias produtivas, com forte avan\u00e7o dos eletr\u00f4nicos em contraste com press\u00f5es de baixa em segmentos industriais relevantes.<\/h3>\n\n\n\n<p>Os pre\u00e7os da ind\u00fastria brasileira recuaram 0,83% em julho de 2026 frente a junho, segundo o Instituto Brasileiro de Geografia e Estat\u00edstica (IBGE), mantendo a trajet\u00f3ria negativa observada no m\u00eas anterior. O resultado refletiu quedas em 11 das 24 atividades pesquisadas e foi influenciado principalmente por setores ligados ao refino de petr\u00f3leo, produtos qu\u00edmicos e ind\u00fastrias extrativas.<\/p>\n\n\n\n<h2 class=\"wp-block-heading\">Pre\u00e7os da ind\u00fastria caem 0,83% em julho<\/h2>\n\n\n\n<p>Os pre\u00e7os na porta das f\u00e1bricas recuaram 0,83% em julho de 2026, segundo o \u00cdndice de Pre\u00e7os ao Produtor, resultado que manteve a trajet\u00f3ria negativa observada no m\u00eas anterior.<\/p>\n\n\n\n<p>O movimento atingiu 11 das 24 atividades pesquisadas pelo IBGE e mostrou uma dissemina\u00e7\u00e3o maior das quedas em compara\u00e7\u00e3o com junho, quando apenas seis segmentos haviam registrado retra\u00e7\u00e3o.<\/p>\n\n\n\n<p>Mesmo com dois meses consecutivos de baixa, o indicador ainda acumula avan\u00e7o de 3,09% entre janeiro e julho, enquanto a varia\u00e7\u00e3o em 12 meses ficou em 1,94%.<\/p>\n\n\n\n<p>A leitura de julho mostra que a redu\u00e7\u00e3o n\u00e3o ocorreu de maneira uniforme, porque algumas cadeias industriais tiveram forte queda, enquanto eletr\u00f4nicos avan\u00e7aram de forma excepcional.<\/p>\n\n\n\n<p>Entre as grandes categorias econ\u00f4micas, os bens intermedi\u00e1rios concentraram a maior press\u00e3o negativa, com recuo de 1,83% e peso relevante na composi\u00e7\u00e3o geral do \u00edndice.<\/p>\n\n\n\n<h2 class=\"wp-block-heading\">Refino e petroqu\u00edmica puxam resultado para baixo<\/h2>\n\n\n\n<p>O setor de refino de petr\u00f3leo e biocombust\u00edveis teve papel decisivo na retra\u00e7\u00e3o mensal ao registrar queda de 5,65%, a mais intensa entre os principais segmentos de maior peso.<\/p>\n\n\n\n<p>Produtos qu\u00edmicos tamb\u00e9m ficaram entre os destaques negativos, com redu\u00e7\u00e3o de 4,49%, resultado associado principalmente ao comportamento recente da cadeia petroqu\u00edmica.<\/p>\n\n\n\n<p>Resinas e elast\u00f4meros apresentaram forte corre\u00e7\u00e3o de pre\u00e7os, favorecida por demanda externa mais fraca e custos de insumos menos pressionados durante o per\u00edodo.<\/p>\n\n\n\n<p>As ind\u00fastrias extrativas completaram esse grupo com retra\u00e7\u00e3o de 4,38%, mantendo pelo terceiro m\u00eas consecutivo uma trajet\u00f3ria de queda nos pre\u00e7os praticados.<\/p>\n\n\n\n<p>No setor de alimentos, por outro lado, houve leve avan\u00e7o de 0,12%, embora alguns itens, como carnes bovinas frescas ou refrigeradas, tenham apresentado redu\u00e7\u00e3o.<\/p>\n\n\n\n<p>O resultado mostra que parte importante da queda industrial veio de cadeias ligadas a energia, insumos b\u00e1sicos e produtos intermedi\u00e1rios, e n\u00e3o de uma retra\u00e7\u00e3o generalizada em todos os segmentos.<\/p>\n\n\n\n<h2 class=\"wp-block-heading\">Eletr\u00f4nicos avan\u00e7am em movimento fora da curva<\/h2>\n\n\n\n<p>Na dire\u00e7\u00e3o contr\u00e1ria ao \u00edndice geral, equipamentos de inform\u00e1tica, produtos eletr\u00f4nicos e \u00f3pticos registraram alta de 11,37% em julho, maior varia\u00e7\u00e3o mensal da s\u00e9rie hist\u00f3rica do setor.<\/p>\n\n\n\n<p>O aumento refletiu principalmente o encarecimento internacional de mem\u00f3rias DRAM, NAND e outros componentes usados na fabrica\u00e7\u00e3o de computadores, celulares e equipamentos eletr\u00f4nicos.<\/p>\n\n\n\n<p>A renova\u00e7\u00e3o de contratos de fornecimento de semicondutores tamb\u00e9m coincidiu com esse movimento e contribuiu para elevar os custos repassados pelos fabricantes.<\/p>\n\n\n\n<p>Com isso, o setor passou a acumular alta de 17,56% em 2026 e chegou a 21,10% na compara\u00e7\u00e3o com julho do ano anterior.<\/p>\n\n\n\n<p>A press\u00e3o dos eletr\u00f4nicos foi suficiente para limitar parte da queda do \u00edndice geral, mesmo sem compensar as redu\u00e7\u00f5es observadas em refino, qu\u00edmicos e atividades extrativas.<\/p>\n\n\n\n<p>O contraste entre esses movimentos evidencia um cen\u00e1rio industrial bastante desigual, no qual custos internacionais, c\u00e2mbio, demanda e condi\u00e7\u00f5es espec\u00edficas de cada cadeia passaram a determinar comportamentos muito diferentes entre os setores.<\/p>\n<\/div>","protected":false},"excerpt":{"rendered":"<p>O resultado de julho mostra um comportamento desigual entre as cadeias produtivas, com forte avan\u00e7o dos eletr\u00f4nicos em contraste com press\u00f5es de baixa em segmentos industriais relevantes. Os pre\u00e7os da ind\u00fastria brasileira recuaram 0,83% em julho de 2026 frente a junho, segundo o Instituto Brasileiro de Geografia e Estat\u00edstica (IBGE), mantendo a trajet\u00f3ria negativa observada &hellip;<\/p>\n","protected":false},"author":5,"featured_media":59628,"comment_status":"open","ping_status":"open","sticky":false,"template":"","format":"standard","meta":{"footnotes":""},"categories":[1],"tags":[],"class_list":["post-59624","post","type-post","status-publish","format-standard","has-post-thumbnail","hentry","category-industria-e-tendencias"],"amp_enabled":true,"_links":{"self":[{"href":"https:\/\/www.solucoesindustriais.com.br\/news\/wp-json\/wp\/v2\/posts\/59624","targetHints":{"allow":["GET"]}}],"collection":[{"href":"https:\/\/www.solucoesindustriais.com.br\/news\/wp-json\/wp\/v2\/posts"}],"about":[{"href":"https:\/\/www.solucoesindustriais.com.br\/news\/wp-json\/wp\/v2\/types\/post"}],"author":[{"embeddable":true,"href":"https:\/\/www.solucoesindustriais.com.br\/news\/wp-json\/wp\/v2\/users\/5"}],"replies":[{"embeddable":true,"href":"https:\/\/www.solucoesindustriais.com.br\/news\/wp-json\/wp\/v2\/comments?post=59624"}],"version-history":[{"count":1,"href":"https:\/\/www.solucoesindustriais.com.br\/news\/wp-json\/wp\/v2\/posts\/59624\/revisions"}],"predecessor-version":[{"id":59629,"href":"https:\/\/www.solucoesindustriais.com.br\/news\/wp-json\/wp\/v2\/posts\/59624\/revisions\/59629"}],"wp:featuredmedia":[{"embeddable":true,"href":"https:\/\/www.solucoesindustriais.com.br\/news\/wp-json\/wp\/v2\/media\/59628"}],"wp:attachment":[{"href":"https:\/\/www.solucoesindustriais.com.br\/news\/wp-json\/wp\/v2\/media?parent=59624"}],"wp:term":[{"taxonomy":"category","embeddable":true,"href":"https:\/\/www.solucoesindustriais.com.br\/news\/wp-json\/wp\/v2\/categories?post=59624"},{"taxonomy":"post_tag","embeddable":true,"href":"https:\/\/www.solucoesindustriais.com.br\/news\/wp-json\/wp\/v2\/tags?post=59624"}],"curies":[{"name":"wp","href":"https:\/\/api.w.org\/{rel}","templated":true}]}}