{"id":59633,"date":"2026-08-30T11:30:00","date_gmt":"2026-08-30T14:30:00","guid":{"rendered":"https:\/\/www.solucoesindustriais.com.br\/news\/?p=59633"},"modified":"2026-08-28T15:39:21","modified_gmt":"2026-08-28T18:39:21","slug":"projeto-para-cadeia-do-amendoim","status":"publish","type":"post","link":"https:\/\/www.solucoesindustriais.com.br\/news\/legislacao-e-normas-industriais\/projeto-para-cadeia-do-amendoim\/","title":{"rendered":"Projeto cria programa nacional para fortalecer cadeia do amendoim"},"content":{"rendered":"<div class=\"tts_content_wrapper_1\" >\n<h3 class=\"wp-block-heading\">O fortalecimento da cadeia do amendoim tamb\u00e9m passa pela melhoria de estruturas de armazenagem, secagem e mecaniza\u00e7\u00e3o, consideradas essenciais para elevar efici\u00eancia e qualidade.<\/h3>\n\n\n\n<p>A cadeia produtiva do amendoim pode ganhar uma pol\u00edtica federal pr\u00f3pria caso avance o Projeto de Lei 3062\/26, que cria o Proamendoim e prev\u00ea instrumentos espec\u00edficos para produtores, cooperativas e regi\u00f5es com forte participa\u00e7\u00e3o no setor. A proposta combina cr\u00e9dito, moderniza\u00e7\u00e3o da infraestrutura e est\u00edmulo \u00e0 competitividade com a inten\u00e7\u00e3o de ampliar produtividade, renda e presen\u00e7a internacional.<\/p>\n\n\n\n<h2 class=\"wp-block-heading\">Programa prev\u00ea apoio \u00e0 cadeia do amendoim<\/h2>\n\n\n\n<p>Segundo a Ag\u00eancia C\u00e2mara de Not\u00edcias, o Projeto de Lei 3062\/26 prop\u00f5e a cria\u00e7\u00e3o do Programa Nacional de Desenvolvimento da Cadeia Produtiva do Amendoim, iniciativa destinada a estabelecer uma pol\u00edtica federal espec\u00edfica para o setor.<\/p>\n\n\n\n<p>Batizado de Proamendoim, o programa dever\u00e1 direcionar aten\u00e7\u00e3o aos principais polos produtores reconhecidos no territ\u00f3rio nacional, conforme par\u00e2metros t\u00e9cnicos que ainda depender\u00e3o de regulamenta\u00e7\u00e3o posterior.<\/p>\n\n\n\n<p>Entre as metas previstas est\u00e1 a melhoria do desempenho das lavouras e da qualidade do produto, com medidas capazes de fortalecer diferentes etapas da atividade agr\u00edcola e industrial.<\/p>\n\n\n\n<p>A proposta tamb\u00e9m relaciona o desenvolvimento da cadeia \u00e0 cria\u00e7\u00e3o de oportunidades de trabalho e ao aumento da renda nas regi\u00f5es que possuem participa\u00e7\u00e3o relevante nessa atividade econ\u00f4mica.<\/p>\n\n\n\n<p>Outra frente prevista pelo projeto busca fortalecer a presen\u00e7a do amendoim produzido no Brasil no com\u00e9rcio exterior, com est\u00edmulos destinados a ampliar a competitividade do produto nacional.<\/p>\n\n\n\n<p>O governo federal poder\u00e1 disponibilizar modalidades espec\u00edficas de financiamento para agricultores e cooperativas, al\u00e9m de oferecer suporte financeiro para moderniza\u00e7\u00e3o da infraestrutura utilizada pelo setor.<\/p>\n\n\n\n<p>Os recursos poder\u00e3o alcan\u00e7ar projetos relacionados a armazenagem, secagem e aquisi\u00e7\u00e3o de equipamentos, assim como investimentos destinados \u00e0 utiliza\u00e7\u00e3o de fontes renov\u00e1veis de energia nas opera\u00e7\u00f5es produtivas.<\/p>\n\n\n\n<h2 class=\"wp-block-heading\">S\u00e3o Paulo concentra importantes polos produtores<\/h2>\n\n\n\n<p>A proposta foi apresentada pelo deputado Luiz Carlos Motta, que defende uma pol\u00edtica pr\u00f3pria para uma cadeia produtiva respons\u00e1vel por movimentar bilh\u00f5es de reais anualmente no pa\u00eds.<\/p>\n\n\n\n<p>Na avalia\u00e7\u00e3o apresentada pelo parlamentar, produtores e empresas do segmento ainda recorrem a instrumentos mais amplos destinados ao agroneg\u00f3cio, sem uma estrutura federal criada especificamente para as caracter\u00edsticas dessa atividade.<\/p>\n\n\n\n<p>O projeto teve origem em discuss\u00f5es com representantes de cooperativas e produtores rurais, que contribu\u00edram para a formula\u00e7\u00e3o das medidas destinadas ao fortalecimento econ\u00f4mico do setor.<\/p>\n\n\n\n<p>S\u00e3o Paulo ocupa posi\u00e7\u00e3o central nesse mercado por concentrar a maior parcela da produ\u00e7\u00e3o brasileira, al\u00e9m de reunir munic\u00edpios com forte presen\u00e7a nas diferentes etapas da cadeia produtiva.<\/p>\n\n\n\n<p>Entre os polos paulistas mencionados est\u00e3o Tup\u00e3, Jaboticabal, Borborema, Mar\u00edlia, Hercul\u00e2ndia, Quintana, Catanduva e Pindorama, localidades que ajudam a sustentar a relev\u00e2ncia estadual na produ\u00e7\u00e3o nacional.<\/p>\n\n\n\n<p>Antes de uma eventual entrada em vigor, a proposta dever\u00e1 passar por tr\u00eas comiss\u00f5es da C\u00e2mara dos Deputados e, caso avance no processo legislativo, ainda depender\u00e1 da aprova\u00e7\u00e3o das duas Casas do Congresso.<\/p>\n<\/div>","protected":false},"excerpt":{"rendered":"<p>O fortalecimento da cadeia do amendoim tamb\u00e9m passa pela melhoria de estruturas de armazenagem, secagem e mecaniza\u00e7\u00e3o, consideradas essenciais para elevar efici\u00eancia e qualidade. A cadeia produtiva do amendoim pode ganhar uma pol\u00edtica federal pr\u00f3pria caso avance o Projeto de Lei 3062\/26, que cria o Proamendoim e prev\u00ea instrumentos espec\u00edficos para produtores, cooperativas e regi\u00f5es &hellip;<\/p>\n","protected":false},"author":10,"featured_media":59634,"comment_status":"open","ping_status":"open","sticky":false,"template":"","format":"standard","meta":{"footnotes":""},"categories":[21],"tags":[],"class_list":["post-59633","post","type-post","status-publish","format-standard","has-post-thumbnail","hentry","category-legislacao-e-normas-industriais"],"amp_enabled":true,"_links":{"self":[{"href":"https:\/\/www.solucoesindustriais.com.br\/news\/wp-json\/wp\/v2\/posts\/59633","targetHints":{"allow":["GET"]}}],"collection":[{"href":"https:\/\/www.solucoesindustriais.com.br\/news\/wp-json\/wp\/v2\/posts"}],"about":[{"href":"https:\/\/www.solucoesindustriais.com.br\/news\/wp-json\/wp\/v2\/types\/post"}],"author":[{"embeddable":true,"href":"https:\/\/www.solucoesindustriais.com.br\/news\/wp-json\/wp\/v2\/users\/10"}],"replies":[{"embeddable":true,"href":"https:\/\/www.solucoesindustriais.com.br\/news\/wp-json\/wp\/v2\/comments?post=59633"}],"version-history":[{"count":1,"href":"https:\/\/www.solucoesindustriais.com.br\/news\/wp-json\/wp\/v2\/posts\/59633\/revisions"}],"predecessor-version":[{"id":59635,"href":"https:\/\/www.solucoesindustriais.com.br\/news\/wp-json\/wp\/v2\/posts\/59633\/revisions\/59635"}],"wp:featuredmedia":[{"embeddable":true,"href":"https:\/\/www.solucoesindustriais.com.br\/news\/wp-json\/wp\/v2\/media\/59634"}],"wp:attachment":[{"href":"https:\/\/www.solucoesindustriais.com.br\/news\/wp-json\/wp\/v2\/media?parent=59633"}],"wp:term":[{"taxonomy":"category","embeddable":true,"href":"https:\/\/www.solucoesindustriais.com.br\/news\/wp-json\/wp\/v2\/categories?post=59633"},{"taxonomy":"post_tag","embeddable":true,"href":"https:\/\/www.solucoesindustriais.com.br\/news\/wp-json\/wp\/v2\/tags?post=59633"}],"curies":[{"name":"wp","href":"https:\/\/api.w.org\/{rel}","templated":true}]}}