{"id":59644,"date":"2026-08-31T09:00:00","date_gmt":"2026-08-31T12:00:00","guid":{"rendered":"https:\/\/www.solucoesindustriais.com.br\/news\/?p=59644"},"modified":"2026-08-31T10:57:50","modified_gmt":"2026-08-31T13:57:50","slug":"brasil-volta-a-negociar-tarifas-comerciais-com-o-eua","status":"publish","type":"post","link":"https:\/\/www.solucoesindustriais.com.br\/news\/economia-e-negocios\/brasil-volta-a-negociar-tarifas-comerciais-com-o-eua\/","title":{"rendered":"Brasil volta a negociar tarifas comerciais com o EUA"},"content":{"rendered":"<div class=\"tts_content_wrapper_1\" >\n<h3 class=\"wp-block-heading\">As tarifas comerciais atingem cerca de 47,3% da pauta brasileira destinada ao mercado estadunidense, enquanto aproximadamente 8,6 mil empresas aparecem entre as afetadas.<\/h3>\n\n\n\n<p>O governo brasileiro volta a negociar com os Estados Unidos em um momento no qual as novas tarifas j\u00e1 alteraram a previsibilidade para empresas exportadoras e aumentaram a press\u00e3o sobre a agenda bilateral. Com al\u00edquotas de 25% e 12,5% aplicadas de forma cumulativa, a estrat\u00e9gia passa por tentar ampliar exce\u00e7\u00f5es, preservar setores competitivos e evitar que a disputa comercial ganhe uma dimens\u00e3o ainda maior.<\/p>\n\n\n\n<h2 class=\"wp-block-heading\">Brasil retoma di\u00e1logo ap\u00f3s novas tarifas dos EUA<\/h2>\n\n\n\n<p>A aplica\u00e7\u00e3o de tarifas adicionais de 25% e 12,5% pelos Estados Unidos recolocou as rela\u00e7\u00f5es comerciais com o Brasil no centro de uma negocia\u00e7\u00e3o bilateral que havia avan\u00e7ado pouco durante o \u00faltimo ano.<\/p>\n\n\n\n<p>Representantes dos dois governos voltam a discutir o tema nesta segunda-feira (31), em reuni\u00e3o virtual que ter\u00e1 participa\u00e7\u00e3o dos ministros M\u00e1rcio Elias Rosa e Mauro Vieira e do representante comercial americano Jamieson Greer.<\/p>\n\n\n\n<p>As duas al\u00edquotas anunciadas em julho s\u00e3o cumulativas, o que ampliou a press\u00e3o sobre parte dos produtos brasileiros vendidos aos Estados Unidos e aumentou a necessidade de novas tratativas comerciais.<\/p>\n\n\n\n<p>A retomada das conversas ganhou impulso depois de um contato entre os presidentes Luiz In\u00e1cio Lula da Silva e Donald Trump, realizado em meados deste m\u00eas.<\/p>\n\n\n\n<p>Para esta nova etapa, a orienta\u00e7\u00e3o brasileira prev\u00ea uma pauta ampla de discuss\u00f5es, embora o governo pretenda preservar os interesses nacionais diante das exig\u00eancias apresentadas pela administra\u00e7\u00e3o americana.<\/p>\n\n\n\n<p>O hist\u00f3rico recente reduz as expectativas de uma solu\u00e7\u00e3o imediata, pois as tratativas mantidas durante aproximadamente um ano n\u00e3o produziram avan\u00e7os suficientes para impedir a ado\u00e7\u00e3o das novas tarifas.<\/p>\n\n\n\n<p>Apesar do processo iniciado pelo Brasil para eventual aplica\u00e7\u00e3o da Lei de Reciprocidade, esse instrumento n\u00e3o dever\u00e1 integrar a agenda prevista para a reuni\u00e3o desta segunda-feira.<\/p>\n\n\n\n<h2 class=\"wp-block-heading\">Governo busca ampliar produtos fora da sobretaxa<\/h2>\n\n\n\n<p>A estrat\u00e9gia brasileira dever\u00e1 priorizar a amplia\u00e7\u00e3o das exce\u00e7\u00f5es ao novo regime tarif\u00e1rio, alternativa que pode reduzir os efeitos das medidas americanas sem depender de uma retirada integral das cobran\u00e7as.<\/p>\n\n\n\n<p>Dados do Minist\u00e9rio do Desenvolvimento, Ind\u00fastria, Com\u00e9rcio e Servi\u00e7os mostram que 52,7% da pauta brasileira destinada aos Estados Unidos n\u00e3o est\u00e1 sujeita \u00e0s cobran\u00e7as adicionais estabelecidas pelo governo estadunidense.<\/p>\n\n\n\n<p>A parcela restante, equivalente a 47,3% das exporta\u00e7\u00f5es destinadas ao mercado dos EUA, enfrenta algum n\u00edvel de tarifa, cen\u00e1rio que alcan\u00e7a aproximadamente 8,6 mil empresas brasileiras.<\/p>\n\n\n\n<p>Esse alcance empresarial aumenta a import\u00e2ncia das negocia\u00e7\u00f5es para setores que dependem do mercado americano, especialmente diante do impacto potencial das al\u00edquotas sobre custos, competitividade e decis\u00f5es comerciais.<\/p>\n\n\n\n<p>A tentativa de incluir novos segmentos entre as exce\u00e7\u00f5es representa, portanto, uma das principais alternativas dispon\u00edveis ao Brasil para diminuir a exposi\u00e7\u00e3o de exportadores enquanto as discuss\u00f5es bilaterais permanecem abertas.<\/p>\n<\/div>","protected":false},"excerpt":{"rendered":"<p>As tarifas comerciais atingem cerca de 47,3% da pauta brasileira destinada ao mercado estadunidense, enquanto aproximadamente 8,6 mil empresas aparecem entre as afetadas. O governo brasileiro volta a negociar com os Estados Unidos em um momento no qual as novas tarifas j\u00e1 alteraram a previsibilidade para empresas exportadoras e aumentaram a press\u00e3o sobre a agenda &hellip;<\/p>\n","protected":false},"author":4,"featured_media":59647,"comment_status":"open","ping_status":"open","sticky":false,"template":"","format":"standard","meta":{"footnotes":""},"categories":[3],"tags":[],"class_list":["post-59644","post","type-post","status-publish","format-standard","has-post-thumbnail","hentry","category-economia-e-negocios"],"amp_enabled":true,"_links":{"self":[{"href":"https:\/\/www.solucoesindustriais.com.br\/news\/wp-json\/wp\/v2\/posts\/59644","targetHints":{"allow":["GET"]}}],"collection":[{"href":"https:\/\/www.solucoesindustriais.com.br\/news\/wp-json\/wp\/v2\/posts"}],"about":[{"href":"https:\/\/www.solucoesindustriais.com.br\/news\/wp-json\/wp\/v2\/types\/post"}],"author":[{"embeddable":true,"href":"https:\/\/www.solucoesindustriais.com.br\/news\/wp-json\/wp\/v2\/users\/4"}],"replies":[{"embeddable":true,"href":"https:\/\/www.solucoesindustriais.com.br\/news\/wp-json\/wp\/v2\/comments?post=59644"}],"version-history":[{"count":2,"href":"https:\/\/www.solucoesindustriais.com.br\/news\/wp-json\/wp\/v2\/posts\/59644\/revisions"}],"predecessor-version":[{"id":59654,"href":"https:\/\/www.solucoesindustriais.com.br\/news\/wp-json\/wp\/v2\/posts\/59644\/revisions\/59654"}],"wp:featuredmedia":[{"embeddable":true,"href":"https:\/\/www.solucoesindustriais.com.br\/news\/wp-json\/wp\/v2\/media\/59647"}],"wp:attachment":[{"href":"https:\/\/www.solucoesindustriais.com.br\/news\/wp-json\/wp\/v2\/media?parent=59644"}],"wp:term":[{"taxonomy":"category","embeddable":true,"href":"https:\/\/www.solucoesindustriais.com.br\/news\/wp-json\/wp\/v2\/categories?post=59644"},{"taxonomy":"post_tag","embeddable":true,"href":"https:\/\/www.solucoesindustriais.com.br\/news\/wp-json\/wp\/v2\/tags?post=59644"}],"curies":[{"name":"wp","href":"https:\/\/api.w.org\/{rel}","templated":true}]}}