{"id":59658,"date":"2026-08-31T11:00:00","date_gmt":"2026-08-31T14:00:00","guid":{"rendered":"https:\/\/www.solucoesindustriais.com.br\/news\/?p=59658"},"modified":"2026-08-31T11:54:12","modified_gmt":"2026-08-31T14:54:12","slug":"aparencia-fisica-pode-superar-curriculo","status":"publish","type":"post","link":"https:\/\/www.solucoesindustriais.com.br\/news\/educacao-e-carreiras\/aparencia-fisica-pode-superar-curriculo\/","title":{"rendered":"Apar\u00eancia f\u00edsica pode superar curr\u00edculo na avalia\u00e7\u00e3o inicial, mostra pesquisa"},"content":{"rendered":"<div class=\"tts_content_wrapper_1\" >\n<h3 class=\"wp-block-heading\">Apar\u00eancia f\u00edsica pode ter impacto relevante em processos seletivos, mesmo quando gestores acreditam avaliar candidatos com crit\u00e9rios objetivos.<\/h3>\n\n\n\n<p>Processos seletivos costumam valorizar curr\u00edculo, experi\u00eancia e respostas t\u00e9cnicas, mas pesquisas indicam que julgamentos muito r\u00e1pidos ainda exercem forte influ\u00eancia sobre a avalia\u00e7\u00e3o de candidatos. Apar\u00eancia f\u00edsica e maneira de se comunicar podem moldar a percep\u00e7\u00e3o inicial e afetar decis\u00f5es que, em tese, deveriam depender de crit\u00e9rios objetivos e compar\u00e1veis.<\/p>\n\n\n\n<h2 class=\"wp-block-heading\">Apar\u00eancia pode superar curr\u00edculo na avalia\u00e7\u00e3o inicial<\/h2>\n\n\n\n<p>Compet\u00eancia t\u00e9cnica e experi\u00eancia profissional nem sempre ocupam o primeiro plano quando algu\u00e9m conhece um candidato, pois elementos percebidos imediatamente podem exercer influ\u00eancia maior sobre a avalia\u00e7\u00e3o.<\/p>\n\n\n\n<p>Uma ampla revis\u00e3o acad\u00eamica identificou que apar\u00eancia f\u00edsica e estilo de comunica\u00e7\u00e3o possuem for\u00e7a consider\u00e1vel na constru\u00e7\u00e3o da imagem inicial de um profissional, inclusive diante de informa\u00e7\u00f5es objetivas dispon\u00edveis aos avaliadores.<\/p>\n\n\n\n<p>O trabalho reuniu centenas de pesquisas anteriores e contou com especialistas da University of Florida e da HEC Paris, que examinaram como essas percep\u00e7\u00f5es interferem em diferentes momentos da vida profissional.<\/p>\n\n\n\n<p>A an\u00e1lise, publicada na Personnel Psychology, aponta que informa\u00e7\u00f5es apresentadas pelo pr\u00f3prio candidato ou registradas no curr\u00edculo podem perder espa\u00e7o diante de caracter\u00edsticas percebidas antes de uma avalia\u00e7\u00e3o mais aprofundada.<\/p>\n\n\n\n<p>Esse fen\u00f4meno contraria a expectativa de que decis\u00f5es profissionais resultem principalmente da compara\u00e7\u00e3o criteriosa entre qualifica\u00e7\u00f5es, experi\u00eancias anteriores, respostas fornecidas e requisitos espec\u00edficos de cada oportunidade.<\/p>\n\n\n\n<p>Outro aspecto relevante aparece ap\u00f3s o contato inicial, porque a percep\u00e7\u00e3o criada naquele momento pode continuar associada ao profissional e influenciar avalia\u00e7\u00f5es realizadas muito tempo depois.<\/p>\n\n\n\n<p>Assim, uma impress\u00e3o favor\u00e1vel ou desfavor\u00e1vel pode ultrapassar o processo seletivo e alcan\u00e7ar decis\u00f5es posteriores sobre pessoas que j\u00e1 ingressaram na organiza\u00e7\u00e3o, mesmo ap\u00f3s novas evid\u00eancias sobre seu desempenho.<\/p>\n\n\n\n<h2 class=\"wp-block-heading\">Processos estruturados reduzem percep\u00e7\u00f5es pessoais<\/h2>\n\n\n\n<p>Os resultados colocam um desafio adicional para departamentos de recursos humanos (RH), especialmente porque julgamentos r\u00e1pidos podem permanecer ativos mesmo quando gestores acreditam utilizar crit\u00e9rios estritamente objetivos.<\/p>\n\n\n\n<p>Para diminuir essa interfer\u00eancia, os pesquisadores apontam que empresas podem definir previamente perguntas, par\u00e2metros de compara\u00e7\u00e3o e m\u00e9todos de avalia\u00e7\u00e3o aplic\u00e1veis de maneira equivalente aos participantes de uma sele\u00e7\u00e3o.<\/p>\n\n\n\n<p>A participa\u00e7\u00e3o de mais de um respons\u00e1vel nas escolhas sobre talentos tamb\u00e9m pode evitar que a interpreta\u00e7\u00e3o particular de apenas uma pessoa determine o resultado de uma contrata\u00e7\u00e3o.<\/p>\n\n\n\n<p>Essa preocupa\u00e7\u00e3o encontra respaldo em levantamentos anteriores sobre vieses profissionais, que mostram diferen\u00e7as importantes entre a maneira como recrutadores e trabalhadores interpretam os fatores respons\u00e1veis pelo avan\u00e7o nas carreiras.<\/p>\n\n\n\n<p>Em uma pesquisa realizada no Reino Unido, 56% dos gestores de contrata\u00e7\u00e3o relacionaram mobilidade profissional principalmente ao esfor\u00e7o e ao talento, enquanto candidatos apresentaram uma percep\u00e7\u00e3o bastante diferente.<\/p>\n\n\n\n<p>Entre os profissionais consultados, 53% atribu\u00edram maior import\u00e2ncia \u00e0 origem e \u00e0s condi\u00e7\u00f5es familiares, contraste que exp\u00f5e diferentes interpreta\u00e7\u00f5es sobre quais caracter\u00edsticas realmente abrem oportunidades no mercado.<\/p>\n\n\n\n<p>Dados anteriores tamb\u00e9m mostraram que alguns recrutadores reconheceram influ\u00eancia de caracter\u00edsticas pessoais em decis\u00f5es passadas, o que refor\u00e7a a necessidade de mecanismos capazes de limitar crit\u00e9rios sem rela\u00e7\u00e3o direta com desempenho.<\/p>\n<\/div>","protected":false},"excerpt":{"rendered":"<p>Apar\u00eancia f\u00edsica pode ter impacto relevante em processos seletivos, mesmo quando gestores acreditam avaliar candidatos com crit\u00e9rios objetivos. Processos seletivos costumam valorizar curr\u00edculo, experi\u00eancia e respostas t\u00e9cnicas, mas pesquisas indicam que julgamentos muito r\u00e1pidos ainda exercem forte influ\u00eancia sobre a avalia\u00e7\u00e3o de candidatos. Apar\u00eancia f\u00edsica e maneira de se comunicar podem moldar a percep\u00e7\u00e3o inicial &hellip;<\/p>\n","protected":false},"author":7,"featured_media":59662,"comment_status":"open","ping_status":"open","sticky":false,"template":"","format":"standard","meta":{"footnotes":""},"categories":[48],"tags":[],"class_list":["post-59658","post","type-post","status-publish","format-standard","has-post-thumbnail","hentry","category-educacao-e-carreiras"],"amp_enabled":true,"_links":{"self":[{"href":"https:\/\/www.solucoesindustriais.com.br\/news\/wp-json\/wp\/v2\/posts\/59658","targetHints":{"allow":["GET"]}}],"collection":[{"href":"https:\/\/www.solucoesindustriais.com.br\/news\/wp-json\/wp\/v2\/posts"}],"about":[{"href":"https:\/\/www.solucoesindustriais.com.br\/news\/wp-json\/wp\/v2\/types\/post"}],"author":[{"embeddable":true,"href":"https:\/\/www.solucoesindustriais.com.br\/news\/wp-json\/wp\/v2\/users\/7"}],"replies":[{"embeddable":true,"href":"https:\/\/www.solucoesindustriais.com.br\/news\/wp-json\/wp\/v2\/comments?post=59658"}],"version-history":[{"count":1,"href":"https:\/\/www.solucoesindustriais.com.br\/news\/wp-json\/wp\/v2\/posts\/59658\/revisions"}],"predecessor-version":[{"id":59663,"href":"https:\/\/www.solucoesindustriais.com.br\/news\/wp-json\/wp\/v2\/posts\/59658\/revisions\/59663"}],"wp:featuredmedia":[{"embeddable":true,"href":"https:\/\/www.solucoesindustriais.com.br\/news\/wp-json\/wp\/v2\/media\/59662"}],"wp:attachment":[{"href":"https:\/\/www.solucoesindustriais.com.br\/news\/wp-json\/wp\/v2\/media?parent=59658"}],"wp:term":[{"taxonomy":"category","embeddable":true,"href":"https:\/\/www.solucoesindustriais.com.br\/news\/wp-json\/wp\/v2\/categories?post=59658"},{"taxonomy":"post_tag","embeddable":true,"href":"https:\/\/www.solucoesindustriais.com.br\/news\/wp-json\/wp\/v2\/tags?post=59658"}],"curies":[{"name":"wp","href":"https:\/\/api.w.org\/{rel}","templated":true}]}}