{"id":59674,"date":"2026-08-30T10:30:00","date_gmt":"2026-08-30T13:30:00","guid":{"rendered":"https:\/\/www.solucoesindustriais.com.br\/news\/?p=59674"},"modified":"2026-08-31T14:47:06","modified_gmt":"2026-08-31T17:47:06","slug":"desmatamento-zero-em-terras-indigenas","status":"publish","type":"post","link":"https:\/\/www.solucoesindustriais.com.br\/news\/saude-seguranca-e-meio-ambiente\/desmatamento-zero-em-terras-indigenas\/","title":{"rendered":"Imazon aponta desmatamento zero em 60% das terras ind\u00edgenas"},"content":{"rendered":"<div class=\"tts_content_wrapper_1\" >\n<h3 class=\"wp-block-heading\">As terras ind\u00edgenas responderam por menos de 2% do desmatamento registrado na Amaz\u00f4nia, apesar da extensa presen\u00e7a desses territ\u00f3rios na regi\u00e3o.<\/h3>\n\n\n\n<p>Dados do Instituto do Homem e Meio Ambiente da Amaz\u00f4nia (Imazon) apontam que a maior parte das terras ind\u00edgenas permaneceu sem novos registros de desmatamento ao longo do \u00faltimo calend\u00e1rio de monitoramento. O resultado ocorre em um cen\u00e1rio de queda mais ampla da press\u00e3o sobre a floresta, com redu\u00e7\u00e3o de 23% na \u00e1rea desmatada em compara\u00e7\u00e3o com o per\u00edodo anterior.<\/p>\n\n\n\n<h2 class=\"wp-block-heading\">Terras ind\u00edgenas se destacam na preserva\u00e7\u00e3o da Amaz\u00f4nia<\/h2>\n\n\n\n<p>A maior parte dos territ\u00f3rios ind\u00edgenas da Amaz\u00f4nia atravessou o per\u00edodo entre agosto de 2025 e julho de 2026 sem apresentar novas \u00e1reas identificadas pelo sistema de monitoramento do Imazon como desmatadas.<\/p>\n\n\n\n<p>De acordo com o levantamento, seis em cada dez terras ind\u00edgenas registraram desmatamento zero, resultado que evidencia uma diferen\u00e7a relevante entre esses territ\u00f3rios e o cen\u00e1rio observado no conjunto do bioma.<\/p>\n\n\n\n<p>Mesmo nas \u00e1reas ind\u00edgenas onde houve alguma supress\u00e3o vegetal, os registros permaneceram geralmente restritos a pequenas extens\u00f5es, sem representar participa\u00e7\u00e3o expressiva no resultado regional.<\/p>\n\n\n\n<p>Dos 2.702 km\u00b2 desmatados em toda a Amaz\u00f4nia, menos de 2% estavam dentro de terras ind\u00edgenas, propor\u00e7\u00e3o que refor\u00e7a o papel desses territ\u00f3rios como barreiras contra o avan\u00e7o da retirada de vegeta\u00e7\u00e3o.<\/p>\n\n\n\n<p>O resultado tamb\u00e9m possui implica\u00e7\u00f5es que ultrapassam a conserva\u00e7\u00e3o das \u00e1rvores, porque a manuten\u00e7\u00e3o dessas \u00e1reas contribui para proteger esp\u00e9cies, recursos naturais e processos ambientais essenciais ao equil\u00edbrio clim\u00e1tico.<\/p>\n\n\n\n<p>Os dados indicam que pol\u00edticas de prote\u00e7\u00e3o territorial e conserva\u00e7\u00e3o associadas \u00e0s popula\u00e7\u00f5es origin\u00e1rias permanecem relevantes para qualquer estrat\u00e9gia voltada \u00e0 redu\u00e7\u00e3o da perda florestal amaz\u00f4nica.<\/p>\n\n\n\n<h2 class=\"wp-block-heading\">Desmatamento amaz\u00f4nico chega ao menor patamar em 11 anos<\/h2>\n\n\n\n<p>O desempenho das terras ind\u00edgenas ocorreu em um per\u00edodo de melhora mais ampla dos indicadores ambientais, j\u00e1 que a Amaz\u00f4nia apresentou seu menor n\u00edvel de desmatamento dos \u00faltimos 11 anos.<\/p>\n\n\n\n<p>O total de 2.702 km\u00b2 representa uma redu\u00e7\u00e3o de 23% em rela\u00e7\u00e3o ao calend\u00e1rio anterior, quando o monitoramento havia identificado 3.503 km\u00b2 de vegeta\u00e7\u00e3o eliminada.<\/p>\n\n\n\n<p>Par\u00e1, Mato Grosso e Amazonas ainda aparecem entre os estados com maiores perdas absolutas, mas os tr\u00eas apresentaram redu\u00e7\u00e3o na compara\u00e7\u00e3o com o per\u00edodo precedente.<\/p>\n\n\n\n<p>Outro sinal positivo apareceu nas \u00e1reas atingidas por degrada\u00e7\u00e3o, categoria que inclui danos causados pelo fogo e pela retirada seletiva de madeira sem a elimina\u00e7\u00e3o integral da vegeta\u00e7\u00e3o.<\/p>\n\n\n\n<p>Nesse indicador, a extens\u00e3o afetada caiu 93% em rela\u00e7\u00e3o ao calend\u00e1rio anterior, uma diferen\u00e7a expressiva que acompanha a melhora observada tamb\u00e9m nos registros de desmatamento.<\/p>\n\n\n\n<p>Apesar dos resultados favor\u00e1veis, a exist\u00eancia de milhares de quil\u00f4metros quadrados afetados mostra que a press\u00e3o ambiental permanece presente, enquanto a experi\u00eancia das terras ind\u00edgenas refor\u00e7a sua import\u00e2ncia para a conserva\u00e7\u00e3o amaz\u00f4nica.<\/p>\n<\/div>","protected":false},"excerpt":{"rendered":"<p>As terras ind\u00edgenas responderam por menos de 2% do desmatamento registrado na Amaz\u00f4nia, apesar da extensa presen\u00e7a desses territ\u00f3rios na regi\u00e3o. Dados do Instituto do Homem e Meio Ambiente da Amaz\u00f4nia (Imazon) apontam que a maior parte das terras ind\u00edgenas permaneceu sem novos registros de desmatamento ao longo do \u00faltimo calend\u00e1rio de monitoramento. O resultado &hellip;<\/p>\n","protected":false},"author":11,"featured_media":59676,"comment_status":"open","ping_status":"open","sticky":false,"template":"","format":"standard","meta":{"footnotes":""},"categories":[49],"tags":[],"class_list":["post-59674","post","type-post","status-publish","format-standard","has-post-thumbnail","hentry","category-saude-seguranca-e-meio-ambiente"],"amp_enabled":true,"_links":{"self":[{"href":"https:\/\/www.solucoesindustriais.com.br\/news\/wp-json\/wp\/v2\/posts\/59674","targetHints":{"allow":["GET"]}}],"collection":[{"href":"https:\/\/www.solucoesindustriais.com.br\/news\/wp-json\/wp\/v2\/posts"}],"about":[{"href":"https:\/\/www.solucoesindustriais.com.br\/news\/wp-json\/wp\/v2\/types\/post"}],"author":[{"embeddable":true,"href":"https:\/\/www.solucoesindustriais.com.br\/news\/wp-json\/wp\/v2\/users\/11"}],"replies":[{"embeddable":true,"href":"https:\/\/www.solucoesindustriais.com.br\/news\/wp-json\/wp\/v2\/comments?post=59674"}],"version-history":[{"count":1,"href":"https:\/\/www.solucoesindustriais.com.br\/news\/wp-json\/wp\/v2\/posts\/59674\/revisions"}],"predecessor-version":[{"id":59677,"href":"https:\/\/www.solucoesindustriais.com.br\/news\/wp-json\/wp\/v2\/posts\/59674\/revisions\/59677"}],"wp:featuredmedia":[{"embeddable":true,"href":"https:\/\/www.solucoesindustriais.com.br\/news\/wp-json\/wp\/v2\/media\/59676"}],"wp:attachment":[{"href":"https:\/\/www.solucoesindustriais.com.br\/news\/wp-json\/wp\/v2\/media?parent=59674"}],"wp:term":[{"taxonomy":"category","embeddable":true,"href":"https:\/\/www.solucoesindustriais.com.br\/news\/wp-json\/wp\/v2\/categories?post=59674"},{"taxonomy":"post_tag","embeddable":true,"href":"https:\/\/www.solucoesindustriais.com.br\/news\/wp-json\/wp\/v2\/tags?post=59674"}],"curies":[{"name":"wp","href":"https:\/\/api.w.org\/{rel}","templated":true}]}}