{"id":59683,"date":"2026-09-01T09:30:00","date_gmt":"2026-09-01T12:30:00","guid":{"rendered":"https:\/\/www.solucoesindustriais.com.br\/news\/?p=59683"},"modified":"2026-09-01T14:17:56","modified_gmt":"2026-09-01T17:17:56","slug":"falencia-de-empresas-do-grupo-refit","status":"publish","type":"post","link":"https:\/\/www.solucoesindustriais.com.br\/news\/industria-e-tendencias\/falencia-de-empresas-do-grupo-refit\/","title":{"rendered":"Justi\u00e7a decreta fal\u00eancia de empresas do Grupo Refit"},"content":{"rendered":"<div class=\"tts_content_wrapper_1\" >\n<h3 class=\"wp-block-heading\">A mudan\u00e7a no processo tamb\u00e9m amplia o controle sobre dados financeiros e patrimoniais das companhias, com solicita\u00e7\u00f5es direcionadas \u00e0 Receita Federal e \u00e0s pr\u00f3prias empresas.<\/h3>\n\n\n\n<p>Depois de mais de dez anos em recupera\u00e7\u00e3o judicial, empresas do Grupo Refit tiveram a fal\u00eancia decretada pela Justi\u00e7a fluminense em uma decis\u00e3o que re\u00fane aspectos empresariais, fiscais e patrimoniais. O processo ganhou for\u00e7a nos \u00faltimos meses com o avan\u00e7o de investiga\u00e7\u00f5es sobre suspeitas de irregularidades e com medidas que j\u00e1 haviam atingido contas, ativos e atividades relacionadas \u00e0s companhias.<\/p>\n\n\n\n<h2 class=\"wp-block-heading\">Justi\u00e7a encerra recupera\u00e7\u00e3o e decreta fal\u00eancia do grupo<\/h2>\n\n\n\n<p>A situa\u00e7\u00e3o das empresas ligadas \u00e0 Refit mudou de forma decisiva ap\u00f3s a Justi\u00e7a do Rio de Janeiro transformar em fal\u00eancia um processo de recupera\u00e7\u00e3o judicial que se arrastava desde 2015.<\/p>\n\n\n\n<p>A medida alcan\u00e7a quatro companhias vinculadas ao grupo empresarial e foi assinada pelo juiz Arthur Ferreira, da 5\u00aa Vara Empresarial da capital fluminense.<\/p>\n\n\n\n<p>O pedido para alterar o rumo do processo partiu do Governo do Estado do Rio de Janeiro e do Minist\u00e9rio P\u00fablico, que j\u00e1 acompanhavam as dificuldades e questionamentos envolvendo as empresas.<\/p>\n\n\n\n<p>Na pr\u00e1tica, a decis\u00e3o retira as companhias do regime de recupera\u00e7\u00e3o judicial e estabelece uma nova etapa processual sob supervis\u00e3o da Justi\u00e7a empresarial.<\/p>\n\n\n\n<p>Al\u00e9m da fal\u00eancia, o magistrado determinou o bloqueio das contas banc\u00e1rias e fixou prazo de cinco dias para entrega da rela\u00e7\u00e3o completa de credores.<\/p>\n\n\n\n<p>A Receita Federal tamb\u00e9m dever\u00e1 fornecer declara\u00e7\u00f5es recentes de Imposto de Renda e informa\u00e7\u00f5es sobre neg\u00f3cios imobili\u00e1rios relacionados \u00e0s empresas atingidas pela decis\u00e3o.<\/p>\n\n\n\n<h2 class=\"wp-block-heading\">Investiga\u00e7\u00f5es ampliaram press\u00e3o sobre a Refit<\/h2>\n\n\n\n<p>O cen\u00e1rio judicial se agravou ap\u00f3s diferentes opera\u00e7\u00f5es e apura\u00e7\u00f5es passarem a apontar suspeitas de irregularidades fiscais, patrimoniais e administrativas relacionadas ao grupo.<\/p>\n\n\n\n<p>Entre os epis\u00f3dios citados no processo aparecem investiga\u00e7\u00f5es conduzidas por autoridades federais e medidas adotadas pela Ag\u00eancia Nacional do Petr\u00f3leo contra atividades empresariais associadas \u00e0 Refit.<\/p>\n\n\n\n<p>A Opera\u00e7\u00e3o Sem Refino ganhou destaque nesse contexto por apurar poss\u00edveis fraudes tribut\u00e1rias, desvio de recursos p\u00fablicos e favorecimento indevido ligado \u00e0s empresas investigadas.<\/p>\n\n\n\n<p>Dentro dessa apura\u00e7\u00e3o, o Supremo Tribunal Federal autorizou o bloqueio de R$ 52 bilh\u00f5es em ativos e determinou a suspens\u00e3o das atividades das companhias alcan\u00e7adas pelas medidas.<\/p>\n\n\n\n<p>As investiga\u00e7\u00f5es tamb\u00e9m passaram a examinar a eventual participa\u00e7\u00e3o de agentes p\u00fablicos em atos favor\u00e1veis ao grupo, o que ampliou o alcance institucional do caso.<\/p>\n\n\n\n<p>Esse conjunto de fatos pesou na avalia\u00e7\u00e3o da Justi\u00e7a sobre a continuidade da recupera\u00e7\u00e3o judicial e refor\u00e7ou os questionamentos sobre a atua\u00e7\u00e3o econ\u00f4mica das empresas.<\/p>\n\n\n\n<p>Com a fal\u00eancia decretada, o processo entra agora em uma fase marcada por maior controle judicial sobre informa\u00e7\u00f5es financeiras, credores e patrim\u00f4nio das companhias envolvidas.<\/p>\n<\/div>","protected":false},"excerpt":{"rendered":"<p>A mudan\u00e7a no processo tamb\u00e9m amplia o controle sobre dados financeiros e patrimoniais das companhias, com solicita\u00e7\u00f5es direcionadas \u00e0 Receita Federal e \u00e0s pr\u00f3prias empresas. Depois de mais de dez anos em recupera\u00e7\u00e3o judicial, empresas do Grupo Refit tiveram a fal\u00eancia decretada pela Justi\u00e7a fluminense em uma decis\u00e3o que re\u00fane aspectos empresariais, fiscais e patrimoniais. &hellip;<\/p>\n","protected":false},"author":5,"featured_media":59688,"comment_status":"open","ping_status":"open","sticky":false,"template":"","format":"standard","meta":{"footnotes":""},"categories":[1,3],"tags":[],"class_list":["post-59683","post","type-post","status-publish","format-standard","has-post-thumbnail","hentry","category-industria-e-tendencias","category-economia-e-negocios"],"amp_enabled":true,"_links":{"self":[{"href":"https:\/\/www.solucoesindustriais.com.br\/news\/wp-json\/wp\/v2\/posts\/59683","targetHints":{"allow":["GET"]}}],"collection":[{"href":"https:\/\/www.solucoesindustriais.com.br\/news\/wp-json\/wp\/v2\/posts"}],"about":[{"href":"https:\/\/www.solucoesindustriais.com.br\/news\/wp-json\/wp\/v2\/types\/post"}],"author":[{"embeddable":true,"href":"https:\/\/www.solucoesindustriais.com.br\/news\/wp-json\/wp\/v2\/users\/5"}],"replies":[{"embeddable":true,"href":"https:\/\/www.solucoesindustriais.com.br\/news\/wp-json\/wp\/v2\/comments?post=59683"}],"version-history":[{"count":1,"href":"https:\/\/www.solucoesindustriais.com.br\/news\/wp-json\/wp\/v2\/posts\/59683\/revisions"}],"predecessor-version":[{"id":59687,"href":"https:\/\/www.solucoesindustriais.com.br\/news\/wp-json\/wp\/v2\/posts\/59683\/revisions\/59687"}],"wp:featuredmedia":[{"embeddable":true,"href":"https:\/\/www.solucoesindustriais.com.br\/news\/wp-json\/wp\/v2\/media\/59688"}],"wp:attachment":[{"href":"https:\/\/www.solucoesindustriais.com.br\/news\/wp-json\/wp\/v2\/media?parent=59683"}],"wp:term":[{"taxonomy":"category","embeddable":true,"href":"https:\/\/www.solucoesindustriais.com.br\/news\/wp-json\/wp\/v2\/categories?post=59683"},{"taxonomy":"post_tag","embeddable":true,"href":"https:\/\/www.solucoesindustriais.com.br\/news\/wp-json\/wp\/v2\/tags?post=59683"}],"curies":[{"name":"wp","href":"https:\/\/api.w.org\/{rel}","templated":true}]}}