{"id":59684,"date":"2026-09-01T10:00:00","date_gmt":"2026-09-01T13:00:00","guid":{"rendered":"https:\/\/www.solucoesindustriais.com.br\/news\/?p=59684"},"modified":"2026-09-01T14:25:55","modified_gmt":"2026-09-01T17:25:55","slug":"tim-cook-deixa-cargo-de-ceo-da-apple","status":"publish","type":"post","link":"https:\/\/www.solucoesindustriais.com.br\/news\/tecnologia-e-inovacoes\/tim-cook-deixa-cargo-de-ceo-da-apple\/","title":{"rendered":"Tim Cook deixa cargo de CEO da Apple ap\u00f3s 15 anos"},"content":{"rendered":"<div class=\"tts_content_wrapper_1\" >\n<h3 class=\"wp-block-heading\">O novo CEO da Apple assume a fun\u00e7\u00e3o ap\u00f3s cerca de 25 anos de trajet\u00f3ria na companhia, com experi\u00eancia concentrada principalmente em engenharia de hardware e desenvolvimento de produtos.<\/h3>\n\n\n\n<p>Tim Cook deixa o comando executivo da Apple ap\u00f3s uma trajet\u00f3ria de 15 anos que consolidou sua posi\u00e7\u00e3o como uma das figuras centrais da ind\u00fastria global de tecnologia. A sucess\u00e3o mant\u00e9m parte dessa continuidade institucional, mas transfere a condu\u00e7\u00e3o di\u00e1ria dos neg\u00f3cios para John Ternus, nome escolhido dentro da pr\u00f3pria companhia para liderar a pr\u00f3xima fase.<\/p>\n\n\n\n<h2 class=\"wp-block-heading\">Tim Cook encerra ciclo como CEO<\/h2>\n\n\n\n<p>A Apple inicia uma nova etapa de sua hist\u00f3ria nesta ter\u00e7a-feira, 1\u00ba de setembro de 2026, data que marca a sa\u00edda de Tim Cook do cargo de CEO ap\u00f3s 15 anos na lideran\u00e7a da companhia.<\/p>\n\n\n\n<p>Cook comunicou a mudan\u00e7a aos usu\u00e1rios por meio de uma carta pessoal, na qual tratou a passagem de comando como uma nova fase de sua rela\u00e7\u00e3o com a empresa.<\/p>\n\n\n\n<p>A despedida da fun\u00e7\u00e3o encerra um per\u00edodo iniciado em 2011, quando o executivo recebeu a responsabilidade de comandar a Apple ap\u00f3s a sa\u00edda de Steve Jobs da administra\u00e7\u00e3o cotidiana.<\/p>\n\n\n\n<p>Durante a mensagem destinada \u00e0 comunidade, Cook destacou principalmente sua rela\u00e7\u00e3o com consumidores e funcion\u00e1rios, al\u00e9m da experi\u00eancia acumulada durante os anos em que ocupou o posto m\u00e1ximo.<\/p>\n\n\n\n<p>A mudan\u00e7a, entretanto, n\u00e3o representa um afastamento da companhia, pois a estrutura definida pelo conselho preserva uma participa\u00e7\u00e3o relevante do executivo nas decis\u00f5es futuras da Apple.<\/p>\n\n\n\n<p>A sucess\u00e3o recebeu aprova\u00e7\u00e3o un\u00e2nime do conselho diretor e resulta de um processo elaborado ao longo de v\u00e1rios anos para preparar a transfer\u00eancia da principal fun\u00e7\u00e3o executiva.<\/p>\n\n\n\n<h2 class=\"wp-block-heading\">Cook segue na c\u00fapula da Apple<\/h2>\n\n\n\n<p>Ap\u00f3s deixar o comando cotidiano da companhia, Tim Cook passa a exercer a fun\u00e7\u00e3o de Executive Chairman, posi\u00e7\u00e3o que mant\u00e9m sua presen\u00e7a em assuntos estrat\u00e9gicos da Apple.<\/p>\n\n\n\n<p>Nesse novo posto, o executivo dever\u00e1 colaborar em temas espec\u00edficos da companhia e participar de rela\u00e7\u00f5es institucionais com autoridades e formuladores de pol\u00edticas p\u00fablicas ao redor do mundo.<\/p>\n\n\n\n<p>A estrutura permite que a Apple preserve parte da experi\u00eancia acumulada por Cook durante sua longa passagem pela dire\u00e7\u00e3o, ao mesmo tempo que transfere as responsabilidades operacionais ao sucessor.<\/p>\n\n\n\n<p>Outra altera\u00e7\u00e3o ocorre no conselho diretor, pois Arthur Levinson deixa a presid\u00eancia n\u00e3o executiva, exercida durante 15 anos, e passa \u00e0 fun\u00e7\u00e3o de Lead Independent Director.<\/p>\n\n\n\n<p>O modelo escolhido reduz o car\u00e1ter abrupto da sucess\u00e3o, j\u00e1 que Cook continuar\u00e1 ligado ao n\u00facleo decis\u00f3rio enquanto uma nova lideran\u00e7a assume as atividades executivas da companhia.<\/p>\n\n\n\n<h2 class=\"wp-block-heading\">John Ternus assume comando<\/h2>\n\n\n\n<p>John Ternus passa a ocupar oficialmente o cargo de CEO da Apple em 1\u00ba de setembro, ap\u00f3s construir uma trajet\u00f3ria de aproximadamente 25 anos dentro da companhia.<\/p>\n\n\n\n<p>Antes da promo\u00e7\u00e3o, Ternus exercia o posto de vice-presidente s\u00eanior de Engenharia de Hardware, \u00e1rea diretamente relacionada ao desenvolvimento de algumas das principais linhas de produtos da empresa.<\/p>\n\n\n\n<p>Sua trajet\u00f3ria recente inclui participa\u00e7\u00e3o relevante em projetos ligados \u00e0 resist\u00eancia dos dispositivos, materiais de menor impacto ambiental e altera\u00e7\u00f5es destinadas a ampliar a vida \u00fatil dos produtos.<\/p>\n\n\n\n<p>Entre as iniciativas associadas \u00e0 sua lideran\u00e7a est\u00e3o avan\u00e7os no uso de alum\u00ednio reciclado, aplica\u00e7\u00e3o de tit\u00e2nio produzido por impress\u00e3o tridimensional e melhorias relacionadas \u00e0 reparabilidade de diferentes aparelhos.<\/p>\n\n\n\n<p>Antes de ingressar na Apple, Ternus trabalhou como engenheiro mec\u00e2nico na Virtual Research Systems e concluiu sua forma\u00e7\u00e3o em Engenharia Mec\u00e2nica pela Universidade da Pensilv\u00e2nia.<\/p>\n\n\n\n<p>A chegada do executivo ao principal cargo tamb\u00e9m amplia sua responsabilidade institucional, pois Ternus passa a integrar o conselho diretor da Apple na mesma data da mudan\u00e7a de comando.<\/p>\n<\/div>","protected":false},"excerpt":{"rendered":"<p>O novo CEO da Apple assume a fun\u00e7\u00e3o ap\u00f3s cerca de 25 anos de trajet\u00f3ria na companhia, com experi\u00eancia concentrada principalmente em engenharia de hardware e desenvolvimento de produtos. Tim Cook deixa o comando executivo da Apple ap\u00f3s uma trajet\u00f3ria de 15 anos que consolidou sua posi\u00e7\u00e3o como uma das figuras centrais da ind\u00fastria global &hellip;<\/p>\n","protected":false},"author":6,"featured_media":59689,"comment_status":"open","ping_status":"open","sticky":false,"template":"","format":"standard","meta":{"footnotes":""},"categories":[20],"tags":[],"class_list":["post-59684","post","type-post","status-publish","format-standard","has-post-thumbnail","hentry","category-tecnologia-e-inovacoes"],"amp_enabled":true,"_links":{"self":[{"href":"https:\/\/www.solucoesindustriais.com.br\/news\/wp-json\/wp\/v2\/posts\/59684","targetHints":{"allow":["GET"]}}],"collection":[{"href":"https:\/\/www.solucoesindustriais.com.br\/news\/wp-json\/wp\/v2\/posts"}],"about":[{"href":"https:\/\/www.solucoesindustriais.com.br\/news\/wp-json\/wp\/v2\/types\/post"}],"author":[{"embeddable":true,"href":"https:\/\/www.solucoesindustriais.com.br\/news\/wp-json\/wp\/v2\/users\/6"}],"replies":[{"embeddable":true,"href":"https:\/\/www.solucoesindustriais.com.br\/news\/wp-json\/wp\/v2\/comments?post=59684"}],"version-history":[{"count":1,"href":"https:\/\/www.solucoesindustriais.com.br\/news\/wp-json\/wp\/v2\/posts\/59684\/revisions"}],"predecessor-version":[{"id":59690,"href":"https:\/\/www.solucoesindustriais.com.br\/news\/wp-json\/wp\/v2\/posts\/59684\/revisions\/59690"}],"wp:featuredmedia":[{"embeddable":true,"href":"https:\/\/www.solucoesindustriais.com.br\/news\/wp-json\/wp\/v2\/media\/59689"}],"wp:attachment":[{"href":"https:\/\/www.solucoesindustriais.com.br\/news\/wp-json\/wp\/v2\/media?parent=59684"}],"wp:term":[{"taxonomy":"category","embeddable":true,"href":"https:\/\/www.solucoesindustriais.com.br\/news\/wp-json\/wp\/v2\/categories?post=59684"},{"taxonomy":"post_tag","embeddable":true,"href":"https:\/\/www.solucoesindustriais.com.br\/news\/wp-json\/wp\/v2\/tags?post=59684"}],"curies":[{"name":"wp","href":"https:\/\/api.w.org\/{rel}","templated":true}]}}