{"id":59691,"date":"2026-09-01T10:30:00","date_gmt":"2026-09-01T13:30:00","guid":{"rendered":"https:\/\/www.solucoesindustriais.com.br\/news\/?p=59691"},"modified":"2026-09-01T15:19:03","modified_gmt":"2026-09-01T18:19:03","slug":"previsao-do-salario-minimo","status":"publish","type":"post","link":"https:\/\/www.solucoesindustriais.com.br\/news\/economia-e-negocios\/previsao-do-salario-minimo\/","title":{"rendered":"Or\u00e7amento de 2027 prev\u00ea sal\u00e1rio m\u00ednimo de R$ 1.741"},"content":{"rendered":"<div class=\"tts_content_wrapper_1\" >\n<h3 class=\"wp-block-heading\">O sal\u00e1rio m\u00ednimo serve de refer\u00eancia para 61,9 milh\u00f5es de brasileiros, o que amplia o impacto de qualquer reajuste sobre renda, benef\u00edcios e despesas p\u00fablicas.<\/h3>\n\n\n\n<p>O governo incluiu no Or\u00e7amento de 2027 uma previs\u00e3o de R$ 1.741 para o sal\u00e1rio m\u00ednimo, em uma proje\u00e7\u00e3o que combina infla\u00e7\u00e3o e ganho real dentro das regras fiscais em vigor. A defini\u00e7\u00e3o final ainda poder\u00e1 mudar at\u00e9 dezembro, mas o valor j\u00e1 orienta parte importante do planejamento das contas p\u00fablicas para o pr\u00f3ximo ano.<\/p>\n\n\n\n<h2 class=\"wp-block-heading\">Piso nacional entra no planejamento de 2027<\/h2>\n\n\n\n<p>O Projeto de Lei Or\u00e7ament\u00e1ria Anual trabalha com um sal\u00e1rio m\u00ednimo de R$ 1.741 para 2027, par\u00e2metro que influencia uma parcela relevante dos compromissos previstos para o pr\u00f3ximo exerc\u00edcio.<\/p>\n\n\n\n<p>O valor possui alcance expressivo nas contas federais porque aposentadorias, benef\u00edcios assistenciais e outros pagamentos acompanham o piso, al\u00e9m dos efeitos diretos sobre a remunera\u00e7\u00e3o dos trabalhadores.<\/p>\n\n\n\n<p>Segundo estimativa do Dieese, 61,9 milh\u00f5es de brasileiros possuem rendimentos relacionados ao sal\u00e1rio m\u00ednimo, dimens\u00e3o que transforma cada reajuste em uma decis\u00e3o com consequ\u00eancias sociais e fiscais.<\/p>\n\n\n\n<p>Para construir o Or\u00e7amento, o governo precisa antecipar esse impacto antes mesmo de conhecer todos os indicadores necess\u00e1rios para estabelecer o piso que efetivamente valer\u00e1 no pr\u00f3ximo ano.<\/p>\n\n\n\n<p>Por essa raz\u00e3o, os R$ 1.741 representam uma refer\u00eancia para as proje\u00e7\u00f5es atuais e ainda poder\u00e3o sofrer corre\u00e7\u00e3o ap\u00f3s a divulga\u00e7\u00e3o dos dados de infla\u00e7\u00e3o necess\u00e1rios para o c\u00e1lculo definitivo.<\/p>\n\n\n\n<h2 class=\"wp-block-heading\">Infla\u00e7\u00e3o ainda pode alterar valor final<\/h2>\n\n\n\n<p>A pol\u00edtica de valoriza\u00e7\u00e3o considera o INPC acumulado at\u00e9 novembro e acrescenta uma parcela de crescimento econ\u00f4mico, sujeita aos limites estabelecidos pelas regras fiscais atuais.<\/p>\n\n\n\n<p>No c\u00e1lculo referente a 2027, o desempenho do PIB de 2025 contribui para a parcela real do reajuste, ap\u00f3s a economia brasileira registrar expans\u00e3o de 2,3% naquele ano.<\/p>\n\n\n\n<p>Desde a mudan\u00e7a aprovada em 2024, entretanto, essa valoriza\u00e7\u00e3o acima da infla\u00e7\u00e3o n\u00e3o pode ultrapassar 2,5%, mecanismo que permanecer\u00e1 v\u00e1lido at\u00e9 2030.<\/p>\n\n\n\n<p>A estimativa atual representa avan\u00e7o aproximado de 7,4% diante dos R$ 1.621 vigentes, enquanto uma proje\u00e7\u00e3o feita meses antes apontava R$ 1.717 para o pr\u00f3ximo piso.<\/p>\n\n\n\n<p>Somente ap\u00f3s o fechamento do indicador inflacion\u00e1rio ser\u00e1 poss\u00edvel estabelecer o n\u00famero definitivo, que ter\u00e1 validade a partir de janeiro de 2027 e repercutir\u00e1 nos pagamentos posteriores.<\/p>\n\n\n\n<h2 class=\"wp-block-heading\">Reajuste interfere nas despesas federais<\/h2>\n\n\n\n<p>Cada altera\u00e7\u00e3o do piso provoca efeitos autom\u00e1ticos sobre compromissos p\u00fablicos que utilizam o sal\u00e1rio m\u00ednimo como refer\u00eancia, o que conecta diretamente a pol\u00edtica de renda ao planejamento fiscal.<\/p>\n\n\n\n<p>Essa rela\u00e7\u00e3o explica a cria\u00e7\u00e3o do teto para a valoriza\u00e7\u00e3o real, pois reajustes mais elevados tamb\u00e9m ampliam despesas previdenci\u00e1rias e assistenciais durante v\u00e1rios exerc\u00edcios.<\/p>\n\n\n\n<p>A restri\u00e7\u00e3o aprovada para o per\u00edodo at\u00e9 2030 deve representar uma redu\u00e7\u00e3o acumulada de R$ 110 bilh\u00f5es nesses gastos, conforme estimativa associada \u00e0 mudan\u00e7a implementada pelo governo.<\/p>\n\n\n\n<p>Assim, a discuss\u00e3o sobre o sal\u00e1rio m\u00ednimo de 2027 envolve duas dimens\u00f5es simult\u00e2neas: a evolu\u00e7\u00e3o da renda de milh\u00f5es de brasileiros e o espa\u00e7o dispon\u00edvel para despesas no or\u00e7amento federal.<\/p>\n<\/div>","protected":false},"excerpt":{"rendered":"<p>O sal\u00e1rio m\u00ednimo serve de refer\u00eancia para 61,9 milh\u00f5es de brasileiros, o que amplia o impacto de qualquer reajuste sobre renda, benef\u00edcios e despesas p\u00fablicas. O governo incluiu no Or\u00e7amento de 2027 uma previs\u00e3o de R$ 1.741 para o sal\u00e1rio m\u00ednimo, em uma proje\u00e7\u00e3o que combina infla\u00e7\u00e3o e ganho real dentro das regras fiscais em &hellip;<\/p>\n","protected":false},"author":4,"featured_media":59696,"comment_status":"open","ping_status":"open","sticky":false,"template":"","format":"standard","meta":{"footnotes":""},"categories":[3],"tags":[],"class_list":["post-59691","post","type-post","status-publish","format-standard","has-post-thumbnail","hentry","category-economia-e-negocios"],"amp_enabled":true,"_links":{"self":[{"href":"https:\/\/www.solucoesindustriais.com.br\/news\/wp-json\/wp\/v2\/posts\/59691","targetHints":{"allow":["GET"]}}],"collection":[{"href":"https:\/\/www.solucoesindustriais.com.br\/news\/wp-json\/wp\/v2\/posts"}],"about":[{"href":"https:\/\/www.solucoesindustriais.com.br\/news\/wp-json\/wp\/v2\/types\/post"}],"author":[{"embeddable":true,"href":"https:\/\/www.solucoesindustriais.com.br\/news\/wp-json\/wp\/v2\/users\/4"}],"replies":[{"embeddable":true,"href":"https:\/\/www.solucoesindustriais.com.br\/news\/wp-json\/wp\/v2\/comments?post=59691"}],"version-history":[{"count":1,"href":"https:\/\/www.solucoesindustriais.com.br\/news\/wp-json\/wp\/v2\/posts\/59691\/revisions"}],"predecessor-version":[{"id":59697,"href":"https:\/\/www.solucoesindustriais.com.br\/news\/wp-json\/wp\/v2\/posts\/59691\/revisions\/59697"}],"wp:featuredmedia":[{"embeddable":true,"href":"https:\/\/www.solucoesindustriais.com.br\/news\/wp-json\/wp\/v2\/media\/59696"}],"wp:attachment":[{"href":"https:\/\/www.solucoesindustriais.com.br\/news\/wp-json\/wp\/v2\/media?parent=59691"}],"wp:term":[{"taxonomy":"category","embeddable":true,"href":"https:\/\/www.solucoesindustriais.com.br\/news\/wp-json\/wp\/v2\/categories?post=59691"},{"taxonomy":"post_tag","embeddable":true,"href":"https:\/\/www.solucoesindustriais.com.br\/news\/wp-json\/wp\/v2\/tags?post=59691"}],"curies":[{"name":"wp","href":"https:\/\/api.w.org\/{rel}","templated":true}]}}