{"id":59700,"date":"2026-09-01T12:00:00","date_gmt":"2026-09-01T15:00:00","guid":{"rendered":"https:\/\/www.solucoesindustriais.com.br\/news\/?p=59700"},"modified":"2026-09-01T16:33:20","modified_gmt":"2026-09-01T19:33:20","slug":"dialogo-sobre-tarifaco-reaberto","status":"publish","type":"post","link":"https:\/\/www.solucoesindustriais.com.br\/news\/economia-e-negocios\/dialogo-sobre-tarifaco-reaberto\/","title":{"rendered":"Brasil e Estados Unidos reabrem di\u00e1logo sobre tarifa\u00e7o"},"content":{"rendered":"<div class=\"tts_content_wrapper_1\" >\n<h3 class=\"wp-block-heading\">O di\u00e1logo sobre tarifa\u00e7o agora avan\u00e7a para novas reuni\u00f5es t\u00e9cnicas, etapa que dever\u00e1 medir a disposi\u00e7\u00e3o dos dois governos para transformar a reaproxima\u00e7\u00e3o em concess\u00f5es concretas.<\/h3>\n\n\n\n<p>A retomada das conversas entre Bras\u00edlia e Washington acontece depois de meses de tens\u00e3o provocada por tarifas adicionais de 25% e 12,5% aplicadas a determinados produtos brasileiros. Embora o governo brasileiro mantenha cr\u00edticas aos fundamentos usados pelos Estados Unidos, a estrat\u00e9gia atual prioriza a negocia\u00e7\u00e3o direta para tentar recuperar condi\u00e7\u00f5es comerciais mais equilibradas.<\/p>\n\n\n\n<h2 class=\"wp-block-heading\">Tarifas mant\u00eam press\u00e3o sobre com\u00e9rcio com os EUA<\/h2>\n\n\n\n<p>A rela\u00e7\u00e3o comercial entre Brasil e Estados Unidos atravessa uma nova fase de tens\u00e3o ap\u00f3s cobran\u00e7as adicionais elevarem os custos de determinados produtos brasileiros destinados ao mercado norte-americano.<\/p>\n\n\n\n<p>A tarifa de 25% decorre da avalia\u00e7\u00e3o de que o Brasil adota pr\u00e1ticas comerciais prejudiciais a empresas dos Estados Unidos, enquanto a cobran\u00e7a de 12,5% est\u00e1 relacionada a falhas atribu\u00eddas a diversos pa\u00edses no controle de mercadorias produzidas com trabalho for\u00e7ado.<\/p>\n\n\n\n<p>Para o governo brasileiro, os argumentos apresentados n\u00e3o correspondem \u00e0s pr\u00e1ticas adotadas pelo pa\u00eds e resultaram em condi\u00e7\u00f5es comerciais consideradas desfavor\u00e1veis \u00e0s exporta\u00e7\u00f5es nacionais.<\/p>\n\n\n\n<p>A diverg\u00eancia levou Bras\u00edlia a questionar as medidas tamb\u00e9m na Organiza\u00e7\u00e3o Mundial do Com\u00e9rcio (OMC), estrat\u00e9gia que registra formalmente a posi\u00e7\u00e3o brasileira diante da comunidade internacional.<\/p>\n\n\n\n<p>Diplomatas brasileiros, entretanto, n\u00e3o esperam que essa iniciativa provoque uma retirada imediata das cobran\u00e7as, o que aumenta a import\u00e2ncia de uma solu\u00e7\u00e3o constru\u00edda diretamente com Washington.<\/p>\n\n\n\n<h2 class=\"wp-block-heading\">Brasil e EUA retomam tentativa de acordo<\/h2>\n\n\n\n<p>Uma nova oportunidade para superar o impasse surgiu na \u00faltima segunda-feira (31), ap\u00f3s representantes brasileiros e estadunidenses voltarem \u00e0 mesa de negocia\u00e7\u00f5es para discutir as diferen\u00e7as comerciais.<\/p>\n\n\n\n<p>Os ministros Mauro Vieira e M\u00e1rcio Elias Rosa participaram de uma reuni\u00e3o virtual com Jamieson Greer e outros integrantes do governo dos Estados Unidos, em um contato dedicado \u00e0s medidas tarif\u00e1rias.<\/p>\n\n\n\n<p>O encontro ocorreu ap\u00f3s a conversa telef\u00f4nica entre Lula e Donald Trump, realizada em 21 de agosto, que abriu espa\u00e7o pol\u00edtico para uma nova tentativa de aproxima\u00e7\u00e3o entre os governos.<\/p>\n\n\n\n<p>Embora tenha reafirmado sua discord\u00e2ncia sobre as cobran\u00e7as, a representa\u00e7\u00e3o brasileira demonstrou interesse em manter as conversas e procurar uma alternativa capaz de atender aos dois pa\u00edses.<\/p>\n\n\n\n<p>M\u00e1rcio Elias Rosa demonstrou expectativa positiva ap\u00f3s a reuni\u00e3o e avaliou que o contato entre os presidentes criou condi\u00e7\u00f5es mais favor\u00e1veis para a busca de um entendimento comercial.<\/p>\n\n\n\n<p>Nenhuma mudan\u00e7a nas tarifas surgiu como resultado imediato dessa conversa, portanto as cobran\u00e7as permanecem enquanto as duas partes procuram aproximar posi\u00e7\u00f5es nas pr\u00f3ximas etapas.<\/p>\n\n\n\n<h2 class=\"wp-block-heading\">Pr\u00f3ximas reuni\u00f5es podem definir avan\u00e7o das tratativas<\/h2>\n\n\n\n<p>Brasil e Estados Unidos pretendem realizar novas discuss\u00f5es t\u00e9cnicas nas pr\u00f3ximas semanas, etapa que dever\u00e1 mostrar quais pontos oferecem espa\u00e7o efetivo para concess\u00f5es ou ajustes.<\/p>\n\n\n\n<p>Os contatos poder\u00e3o ocorrer presencialmente ou por videoconfer\u00eancia, enquanto representantes dos dois pa\u00edses analisam os avan\u00e7os alcan\u00e7ados e os obst\u00e1culos que ainda dificultam uma solu\u00e7\u00e3o.<\/p>\n\n\n\n<p>A continuidade desse processo ser\u00e1 importante para determinar se a reaproxima\u00e7\u00e3o pol\u00edtica conseguir\u00e1 resultar em altera\u00e7\u00f5es concretas nas barreiras que atualmente afetam parte das exporta\u00e7\u00f5es brasileiras.<\/p>\n\n\n\n<p>Para o governo brasileiro, um eventual acordo dever\u00e1 conciliar a preserva\u00e7\u00e3o dos interesses nacionais com a recupera\u00e7\u00e3o de condi\u00e7\u00f5es comerciais consideradas mais equilibradas na rela\u00e7\u00e3o com os Estados Unidos.<\/p>\n\n\n\n<p>A retomada das conversas representa, portanto, uma abertura para superar o conflito tarif\u00e1rio, embora ainda n\u00e3o exista compromisso americano para reduzir ou eliminar as cobran\u00e7as adicionais.<\/p>\n<\/div>","protected":false},"excerpt":{"rendered":"<p>O di\u00e1logo sobre tarifa\u00e7o agora avan\u00e7a para novas reuni\u00f5es t\u00e9cnicas, etapa que dever\u00e1 medir a disposi\u00e7\u00e3o dos dois governos para transformar a reaproxima\u00e7\u00e3o em concess\u00f5es concretas. A retomada das conversas entre Bras\u00edlia e Washington acontece depois de meses de tens\u00e3o provocada por tarifas adicionais de 25% e 12,5% aplicadas a determinados produtos brasileiros. Embora o &hellip;<\/p>\n","protected":false},"author":4,"featured_media":59701,"comment_status":"open","ping_status":"open","sticky":false,"template":"","format":"standard","meta":{"footnotes":""},"categories":[3],"tags":[],"class_list":["post-59700","post","type-post","status-publish","format-standard","has-post-thumbnail","hentry","category-economia-e-negocios"],"amp_enabled":true,"_links":{"self":[{"href":"https:\/\/www.solucoesindustriais.com.br\/news\/wp-json\/wp\/v2\/posts\/59700","targetHints":{"allow":["GET"]}}],"collection":[{"href":"https:\/\/www.solucoesindustriais.com.br\/news\/wp-json\/wp\/v2\/posts"}],"about":[{"href":"https:\/\/www.solucoesindustriais.com.br\/news\/wp-json\/wp\/v2\/types\/post"}],"author":[{"embeddable":true,"href":"https:\/\/www.solucoesindustriais.com.br\/news\/wp-json\/wp\/v2\/users\/4"}],"replies":[{"embeddable":true,"href":"https:\/\/www.solucoesindustriais.com.br\/news\/wp-json\/wp\/v2\/comments?post=59700"}],"version-history":[{"count":1,"href":"https:\/\/www.solucoesindustriais.com.br\/news\/wp-json\/wp\/v2\/posts\/59700\/revisions"}],"predecessor-version":[{"id":59702,"href":"https:\/\/www.solucoesindustriais.com.br\/news\/wp-json\/wp\/v2\/posts\/59700\/revisions\/59702"}],"wp:featuredmedia":[{"embeddable":true,"href":"https:\/\/www.solucoesindustriais.com.br\/news\/wp-json\/wp\/v2\/media\/59701"}],"wp:attachment":[{"href":"https:\/\/www.solucoesindustriais.com.br\/news\/wp-json\/wp\/v2\/media?parent=59700"}],"wp:term":[{"taxonomy":"category","embeddable":true,"href":"https:\/\/www.solucoesindustriais.com.br\/news\/wp-json\/wp\/v2\/categories?post=59700"},{"taxonomy":"post_tag","embeddable":true,"href":"https:\/\/www.solucoesindustriais.com.br\/news\/wp-json\/wp\/v2\/tags?post=59700"}],"curies":[{"name":"wp","href":"https:\/\/api.w.org\/{rel}","templated":true}]}}