{"id":59714,"date":"2026-09-02T10:30:00","date_gmt":"2026-09-02T13:30:00","guid":{"rendered":"https:\/\/www.solucoesindustriais.com.br\/news\/?p=59714"},"modified":"2026-09-02T12:25:54","modified_gmt":"2026-09-02T15:25:54","slug":"parte-da-producao-da-unilever-suspensa","status":"publish","type":"post","link":"https:\/\/www.solucoesindustriais.com.br\/news\/saude-seguranca-e-meio-ambiente\/parte-da-producao-da-unilever-suspensa\/","title":{"rendered":"Anvisa suspende parte da produ\u00e7\u00e3o da Unilever em Vinhedo"},"content":{"rendered":"<div class=\"tts_content_wrapper_1\" >\n<h3 class=\"wp-block-heading\">A suspens\u00e3o da produ\u00e7\u00e3o da Unilever no interior de S\u00e3o Paulo n\u00e3o afeta os lotes j\u00e1 dispon\u00edveis no mercado, que permanecem liberados para venda, distribui\u00e7\u00e3o e uso pelos consumidores.<\/h3>\n\n\n\n<p>Uma fiscaliza\u00e7\u00e3o realizada na unidade da Unilever em Vinhedo resultou na interrup\u00e7\u00e3o tempor\u00e1ria de parte da produ\u00e7\u00e3o de saneantes, ap\u00f3s autoridades encontrarem problemas em controles industriais e processos internos. A decis\u00e3o tem car\u00e1ter preventivo e busca impedir a fabrica\u00e7\u00e3o de novos lotes at\u00e9 que as corre\u00e7\u00f5es necess\u00e1rias sejam conclu\u00eddas.<\/p>\n\n\n\n<h2 class=\"wp-block-heading\">Falhas internas levam \u00e0 suspens\u00e3o de parte da produ\u00e7\u00e3o<\/h2>\n\n\n\n<p>A Ag\u00eancia Nacional de Vigil\u00e2ncia Sanit\u00e1ria\u00a0(Anvisa) determinou a interrup\u00e7\u00e3o tempor\u00e1ria da fabrica\u00e7\u00e3o de determinados saneantes na unidade da Unilever em Vinhedo, no interior de S\u00e3o Paulo, ap\u00f3s uma fiscaliza\u00e7\u00e3o identificar problemas nos procedimentos internos.<\/p>\n\n\n\n<p>A medida alcan\u00e7a linhas respons\u00e1veis por sab\u00f5es l\u00edquidos e amaciantes, enquanto outras atividades industriais mantidas no mesmo complexo continuam fora da restri\u00e7\u00e3o aplicada pela autoridade sanit\u00e1ria.<\/p>\n\n\n\n<p>A inspe\u00e7\u00e3o ocorreu entre 24 e 28 de agosto e contou com participa\u00e7\u00e3o de \u00f3rg\u00e3os federais, estaduais e municipais respons\u00e1veis pelo acompanhamento das condi\u00e7\u00f5es de produ\u00e7\u00e3o.<\/p>\n\n\n\n<p>Os fiscais apontaram defici\u00eancias nos controles adotados ao longo da fabrica\u00e7\u00e3o, nas verifica\u00e7\u00f5es realizadas antes da libera\u00e7\u00e3o dos produtos e no acompanhamento da \u00e1gua usada no processo industrial.<\/p>\n\n\n\n<p>Tamb\u00e9m foram identificadas falhas na forma como a empresa investigava e corrigia problemas j\u00e1 detectados internamente, aspecto considerado relevante para o cumprimento dos padr\u00f5es sanit\u00e1rios exigidos.<\/p>\n\n\n\n<p>A paralisa\u00e7\u00e3o foi aplicada como medida preventiva e permanecer\u00e1 restrita \u00e0s linhas afetadas enquanto a companhia implementa as corre\u00e7\u00f5es consideradas necess\u00e1rias pelas autoridades.<\/p>\n\n\n\n<h2 class=\"wp-block-heading\">Produtos j\u00e1 fabricados seguem liberados<\/h2>\n\n\n\n<p>Apesar da suspens\u00e3o parcial, os lotes que j\u00e1 deixaram a f\u00e1brica continuam autorizados para venda, distribui\u00e7\u00e3o e uso, pois as an\u00e1lises dispon\u00edveis n\u00e3o apontaram contamina\u00e7\u00e3o microbiol\u00f3gica.<\/p>\n\n\n\n<p>Por esse motivo, a decis\u00e3o n\u00e3o inclui recolhimento de mercadorias nem qualquer determina\u00e7\u00e3o para retirar das lojas os produtos fabricados anteriormente na unidade paulista.<\/p>\n\n\n\n<p>A Unilever informou que mant\u00e9m os itens de cuidados dom\u00e9sticos liberados para comercializa\u00e7\u00e3o e afirmou que as recomenda\u00e7\u00f5es feitas ap\u00f3s a fiscaliza\u00e7\u00e3o j\u00e1 est\u00e3o em processo de implementa\u00e7\u00e3o.<\/p>\n\n\n\n<p>A diferen\u00e7a entre a produ\u00e7\u00e3o futura e os lotes existentes \u00e9 central para entender a medida, porque a restri\u00e7\u00e3o busca corrigir processos antes que novas unidades saiam das linhas afetadas.<\/p>\n\n\n\n<p>Com isso, o impacto imediato recai sobre a fabrica\u00e7\u00e3o de novos produtos, sem alterar o uso das mercadorias que j\u00e1 chegaram aos consumidores ou ao varejo.<\/p>\n<\/div>","protected":false},"excerpt":{"rendered":"<p>A suspens\u00e3o da produ\u00e7\u00e3o da Unilever no interior de S\u00e3o Paulo n\u00e3o afeta os lotes j\u00e1 dispon\u00edveis no mercado, que permanecem liberados para venda, distribui\u00e7\u00e3o e uso pelos consumidores. Uma fiscaliza\u00e7\u00e3o realizada na unidade da Unilever em Vinhedo resultou na interrup\u00e7\u00e3o tempor\u00e1ria de parte da produ\u00e7\u00e3o de saneantes, ap\u00f3s autoridades encontrarem problemas em controles industriais &hellip;<\/p>\n","protected":false},"author":11,"featured_media":59715,"comment_status":"open","ping_status":"open","sticky":false,"template":"","format":"standard","meta":{"footnotes":""},"categories":[49],"tags":[],"class_list":["post-59714","post","type-post","status-publish","format-standard","has-post-thumbnail","hentry","category-saude-seguranca-e-meio-ambiente"],"amp_enabled":true,"_links":{"self":[{"href":"https:\/\/www.solucoesindustriais.com.br\/news\/wp-json\/wp\/v2\/posts\/59714","targetHints":{"allow":["GET"]}}],"collection":[{"href":"https:\/\/www.solucoesindustriais.com.br\/news\/wp-json\/wp\/v2\/posts"}],"about":[{"href":"https:\/\/www.solucoesindustriais.com.br\/news\/wp-json\/wp\/v2\/types\/post"}],"author":[{"embeddable":true,"href":"https:\/\/www.solucoesindustriais.com.br\/news\/wp-json\/wp\/v2\/users\/11"}],"replies":[{"embeddable":true,"href":"https:\/\/www.solucoesindustriais.com.br\/news\/wp-json\/wp\/v2\/comments?post=59714"}],"version-history":[{"count":1,"href":"https:\/\/www.solucoesindustriais.com.br\/news\/wp-json\/wp\/v2\/posts\/59714\/revisions"}],"predecessor-version":[{"id":59716,"href":"https:\/\/www.solucoesindustriais.com.br\/news\/wp-json\/wp\/v2\/posts\/59714\/revisions\/59716"}],"wp:featuredmedia":[{"embeddable":true,"href":"https:\/\/www.solucoesindustriais.com.br\/news\/wp-json\/wp\/v2\/media\/59715"}],"wp:attachment":[{"href":"https:\/\/www.solucoesindustriais.com.br\/news\/wp-json\/wp\/v2\/media?parent=59714"}],"wp:term":[{"taxonomy":"category","embeddable":true,"href":"https:\/\/www.solucoesindustriais.com.br\/news\/wp-json\/wp\/v2\/categories?post=59714"},{"taxonomy":"post_tag","embeddable":true,"href":"https:\/\/www.solucoesindustriais.com.br\/news\/wp-json\/wp\/v2\/tags?post=59714"}],"curies":[{"name":"wp","href":"https:\/\/api.w.org\/{rel}","templated":true}]}}