{"id":59736,"date":"2026-09-05T10:30:00","date_gmt":"2026-09-05T13:30:00","guid":{"rendered":"https:\/\/www.solucoesindustriais.com.br\/news\/?p=59736"},"modified":"2026-09-02T16:40:26","modified_gmt":"2026-09-02T19:40:26","slug":"crise-ambiental-afeta-saude-emocional","status":"publish","type":"post","link":"https:\/\/www.solucoesindustriais.com.br\/news\/saude-seguranca-e-meio-ambiente\/crise-ambiental-afeta-saude-emocional\/","title":{"rendered":"Crise ambiental j\u00e1 afeta sa\u00fade emocional de brasileiros"},"content":{"rendered":"<div class=\"tts_content_wrapper_1\" >\n<h3 class=\"wp-block-heading\">A preocupa\u00e7\u00e3o com o desaparecimento permanente de elementos \u00fanicos da natureza apareceu em 88% das respostas, um dos sinais mais recorrentes observados pela pesquisa.<\/h3>\n\n\n\n<p>A rela\u00e7\u00e3o entre crise ambiental e sa\u00fade emocional ganhou novos dados no Brasil ap\u00f3s uma pesquisa avaliar como eventos extremos, perda de biodiversidade e deteriora\u00e7\u00e3o dos ecossistemas aparecem associados ao sofrimento psicol\u00f3gico. O trabalho, desenvolvido pela Natura com a Faculdade de Ci\u00eancias M\u00e9dicas da Santa Casa de S\u00e3o Paulo, tamb\u00e9m testou ferramentas in\u00e9ditas para medir esse impacto.<\/p>\n\n\n\n<h2 class=\"wp-block-heading\">Estudo investiga efeitos emocionais da crise ambiental<\/h2>\n\n\n\n<p>A degrada\u00e7\u00e3o da natureza passou a ser analisada tamb\u00e9m como um fator capaz de interferir na experi\u00eancia emocional das pessoas, especialmente em regi\u00f5es expostas a mudan\u00e7as ambientais intensas.<\/p>\n\n\n\n<p>Uma pesquisa conduzida pela Natura em parceria com a Faculdade de Ci\u00eancias M\u00e9dicas da Santa Casa de S\u00e3o Paulo reuniu mais de 1.750 participantes para examinar essa rela\u00e7\u00e3o.<\/p>\n\n\n\n<p>O trabalho faz parte do Projeto Apoena e combina psicologia, neuroci\u00eancia e recursos de intelig\u00eancia artificial para observar como diferentes press\u00f5es ambientais aparecem associadas ao bem-estar.<\/p>\n\n\n\n<p>Entre os fen\u00f4menos considerados est\u00e3o perda de biodiversidade, queimadas, polui\u00e7\u00e3o e eventos clim\u00e1ticos extremos, fatores que podem alterar a percep\u00e7\u00e3o de seguran\u00e7a e pertencimento das popula\u00e7\u00f5es.<\/p>\n\n\n\n<p>Os pesquisadores tamb\u00e9m validaram uma escala brasileira espec\u00edfica para medir solastalgia, conceito usado para descrever sofrimento emocional associado \u00e0 transforma\u00e7\u00e3o negativa do ambiente onde a pessoa vive.<\/p>\n\n\n\n<p>A m\u00e9dia registrada nessa avalia\u00e7\u00e3o chegou a 3,90 em uma escala de um a cinco, resultado que indica presen\u00e7a relevante desse tipo de desconforto entre os participantes.<\/p>\n\n\n\n<p>As pontua\u00e7\u00f5es mais altas apareceram sobretudo em \u00e1reas urbanizadas do Centro-Oeste, Sudeste e Sul, regi\u00f5es que enfrentam diferentes tipos de press\u00e3o ambiental e epis\u00f3dios clim\u00e1ticos severos.<\/p>\n\n\n\n<h2 class=\"wp-block-heading\">Ansiedade aparece em 44,7% dos participantes<\/h2>\n\n\n\n<p>Outro resultado importante mostrou que 44,7% das pessoas avaliadas ficaram acima do limite cl\u00ednico utilizado para identificar sinais de ansiedade no levantamento.<\/p>\n\n\n\n<p>Esse dado amplia a discuss\u00e3o porque mostra que os impactos ambientais podem aparecer acompanhados de sintomas emocionais mais amplos, al\u00e9m do sofrimento diretamente relacionado \u00e0 perda de refer\u00eancias naturais.<\/p>\n\n\n\n<p>A preocupa\u00e7\u00e3o com o desaparecimento definitivo de elementos \u00fanicos da natureza tamb\u00e9m teve forte presen\u00e7a, com men\u00e7\u00e3o de 88% das pessoas inclu\u00eddas na pesquisa.<\/p>\n\n\n\n<p>O estudo analisou ainda pequenos registros de voz para verificar se altera\u00e7\u00f5es emocionais poderiam aparecer em caracter\u00edsticas ac\u00fasticas observ\u00e1veis por m\u00e9todos computacionais.<\/p>\n\n\n\n<p>Foram examinados 68 atributos vocais, dos quais dez apresentaram rela\u00e7\u00e3o com 57% da varia\u00e7\u00e3o encontrada nos indicadores de bem-estar subjetivo utilizados pelos pesquisadores.<\/p>\n\n\n\n<p>Essa frente pode abrir espa\u00e7o para novos m\u00e9todos de acompanhamento emocional em popula\u00e7\u00f5es afetadas por enchentes, secas, inc\u00eandios florestais e outros eventos de grande impacto.<\/p>\n\n\n\n<h2 class=\"wp-block-heading\">Rotina e contato com a natureza entram na an\u00e1lise<\/h2>\n\n\n\n<p>Al\u00e9m dos sinais de sofrimento, o levantamento procurou identificar h\u00e1bitos associados a melhores resultados de bem-estar entre diferentes grupos de participantes.<\/p>\n\n\n\n<p>Ficar em casa durante per\u00edodos de descanso apareceu como principal forma de lazer para 47,9% dos entrevistados, enquanto pr\u00e1ticas de autocuidado tiveram peso relevante entre as mulheres.<\/p>\n\n\n\n<p>Nesse recorte, 87% citaram o banho di\u00e1rio como atividade relacionada ao bem-estar, enquanto 71,9% apontaram cuidados com pele e cabelos.<\/p>\n\n\n\n<p>O cultivo de plantas dentro de casa tamb\u00e9m apresentou associa\u00e7\u00e3o positiva com os indicadores avaliados, o que refor\u00e7a o interesse cient\u00edfico sobre contato cotidiano com elementos naturais.<\/p>\n\n\n\n<p>Os resultados sugerem que a rela\u00e7\u00e3o entre ambiente e sa\u00fade emocional envolve tanto fatores de exposi\u00e7\u00e3o quanto h\u00e1bitos capazes de oferecer sensa\u00e7\u00e3o de conforto e estabilidade.<\/p>\n\n\n\n<p>Com essa abordagem, o estudo amplia a discuss\u00e3o sobre crise ambiental ao mostrar que seus efeitos podem alcan\u00e7ar dimens\u00f5es psicol\u00f3gicas que ainda recebem pouca aten\u00e7\u00e3o em pol\u00edticas de preven\u00e7\u00e3o e bem-estar.<\/p>\n\n\n\n<p><em>*Com informa\u00e7\u00f5es Um S\u00f3 Planeta<\/em><\/p>\n<\/div>","protected":false},"excerpt":{"rendered":"<p>A preocupa\u00e7\u00e3o com o desaparecimento permanente de elementos \u00fanicos da natureza apareceu em 88% das respostas, um dos sinais mais recorrentes observados pela pesquisa. A rela\u00e7\u00e3o entre crise ambiental e sa\u00fade emocional ganhou novos dados no Brasil ap\u00f3s uma pesquisa avaliar como eventos extremos, perda de biodiversidade e deteriora\u00e7\u00e3o dos ecossistemas aparecem associados ao sofrimento &hellip;<\/p>\n","protected":false},"author":11,"featured_media":59737,"comment_status":"open","ping_status":"open","sticky":false,"template":"","format":"standard","meta":{"footnotes":""},"categories":[49],"tags":[],"class_list":["post-59736","post","type-post","status-publish","format-standard","has-post-thumbnail","hentry","category-saude-seguranca-e-meio-ambiente"],"amp_enabled":true,"_links":{"self":[{"href":"https:\/\/www.solucoesindustriais.com.br\/news\/wp-json\/wp\/v2\/posts\/59736","targetHints":{"allow":["GET"]}}],"collection":[{"href":"https:\/\/www.solucoesindustriais.com.br\/news\/wp-json\/wp\/v2\/posts"}],"about":[{"href":"https:\/\/www.solucoesindustriais.com.br\/news\/wp-json\/wp\/v2\/types\/post"}],"author":[{"embeddable":true,"href":"https:\/\/www.solucoesindustriais.com.br\/news\/wp-json\/wp\/v2\/users\/11"}],"replies":[{"embeddable":true,"href":"https:\/\/www.solucoesindustriais.com.br\/news\/wp-json\/wp\/v2\/comments?post=59736"}],"version-history":[{"count":1,"href":"https:\/\/www.solucoesindustriais.com.br\/news\/wp-json\/wp\/v2\/posts\/59736\/revisions"}],"predecessor-version":[{"id":59738,"href":"https:\/\/www.solucoesindustriais.com.br\/news\/wp-json\/wp\/v2\/posts\/59736\/revisions\/59738"}],"wp:featuredmedia":[{"embeddable":true,"href":"https:\/\/www.solucoesindustriais.com.br\/news\/wp-json\/wp\/v2\/media\/59737"}],"wp:attachment":[{"href":"https:\/\/www.solucoesindustriais.com.br\/news\/wp-json\/wp\/v2\/media?parent=59736"}],"wp:term":[{"taxonomy":"category","embeddable":true,"href":"https:\/\/www.solucoesindustriais.com.br\/news\/wp-json\/wp\/v2\/categories?post=59736"},{"taxonomy":"post_tag","embeddable":true,"href":"https:\/\/www.solucoesindustriais.com.br\/news\/wp-json\/wp\/v2\/tags?post=59736"}],"curies":[{"name":"wp","href":"https:\/\/api.w.org\/{rel}","templated":true}]}}