{"id":59744,"date":"2026-09-06T11:30:00","date_gmt":"2026-09-06T14:30:00","guid":{"rendered":"https:\/\/www.solucoesindustriais.com.br\/news\/?p=59744"},"modified":"2026-09-04T14:57:16","modified_gmt":"2026-09-04T17:57:16","slug":"parques-eolicos-proximos-a-comunidades","status":"publish","type":"post","link":"https:\/\/www.solucoesindustriais.com.br\/news\/legislacao-e-normas-industriais\/parques-eolicos-proximos-a-comunidades\/","title":{"rendered":"Projeto cria regras para parques e\u00f3licos pr\u00f3ximos a comunidades"},"content":{"rendered":"<div class=\"tts_content_wrapper_1\" >\n<h3 class=\"wp-block-heading\">Parques e\u00f3licos poder\u00e3o assumir novas responsabilidades perante as localidades receptoras, com prioridade para a contrata\u00e7\u00e3o de profissionais residentes nas pr\u00f3prias regi\u00f5es.<\/h3>\n\n\n\n<p>O Projeto de Lei 2591\/26 pretende preencher lacunas na prote\u00e7\u00e3o das popula\u00e7\u00f5es que convivem com os impactos provocados por parques e\u00f3licos terrestres. O texto apresentado \u00e0 C\u00e2mara dos Deputados combina medidas de seguran\u00e7a, acompanhamento da sa\u00fade, equil\u00edbrio contratual e valoriza\u00e7\u00e3o econ\u00f4mica das regi\u00f5es escolhidas para os projetos.<\/p>\n\n\n\n<h2 class=\"wp-block-heading\">Projeto estabelece prote\u00e7\u00e3o para moradores<\/h2>\n\n\n\n<p>Segundo a Ag\u00eancia C\u00e2mara de Not\u00edcias, o Projeto de Lei 2591\/26 prop\u00f5e uma regulamenta\u00e7\u00e3o nacional direcionada \u00e0s rela\u00e7\u00f5es entre empreendimentos e\u00f3licos terrestres e as popula\u00e7\u00f5es estabelecidas nas \u00e1reas pr\u00f3ximas.<\/p>\n\n\n\n<p>Entre as mudan\u00e7as previstas est\u00e1 a cria\u00e7\u00e3o de um afastamento obrigat\u00f3rio entre resid\u00eancias e aerogeradores, com crit\u00e9rios que dever\u00e3o orientar a implanta\u00e7\u00e3o de novos equipamentos pr\u00f3ximos \u00e0s comunidades.<\/p>\n\n\n\n<p>As empresas tamb\u00e9m ter\u00e3o de acompanhar periodicamente fatores associados ao funcionamento das estruturas, como n\u00edveis de ru\u00eddo, vibra\u00e7\u00f5es e proje\u00e7\u00e3o de sombras sobre \u00e1reas habitadas pr\u00f3ximas aos parques.<\/p>\n\n\n\n<p>Outro ponto determina avalia\u00e7\u00f5es das condi\u00e7\u00f5es de sa\u00fade dos moradores em momentos anteriores e posteriores \u00e0 instala\u00e7\u00e3o dos empreendimentos, o que permitir\u00e1 comparar poss\u00edveis altera\u00e7\u00f5es ap\u00f3s o in\u00edcio das opera\u00e7\u00f5es.<\/p>\n\n\n\n<p>A proposta surge diante da avalia\u00e7\u00e3o de que as normas existentes est\u00e3o distribu\u00eddas entre diferentes regras e ainda oferecem prote\u00e7\u00e3o insuficiente \u00e0s popula\u00e7\u00f5es expostas aos efeitos locais desses projetos.<\/p>\n\n\n\n<h2 class=\"wp-block-heading\">Contratos e benef\u00edcios econ\u00f4micos entram nas novas regras<\/h2>\n\n\n\n<p>Os propriet\u00e1rios que disponibilizarem suas terras para instala\u00e7\u00e3o das torres dever\u00e3o receber uma remunera\u00e7\u00e3o m\u00ednima definida conforme par\u00e2metros regionais, caso o projeto avance e se transforme em legisla\u00e7\u00e3o.<\/p>\n\n\n\n<p>O texto tamb\u00e9m busca restringir contratos considerados excessivamente desfavor\u00e1veis aos donos das propriedades, especialmente aqueles que estabelecem per\u00edodos muito extensos ou imp\u00f5em obriga\u00e7\u00f5es de confidencialidade.<\/p>\n\n\n\n<p>Al\u00e9m das rela\u00e7\u00f5es entre empresas e propriet\u00e1rios, a proposta procura ampliar os benef\u00edcios econ\u00f4micos nas regi\u00f5es receptoras ao estimular a contrata\u00e7\u00e3o de trabalhadores que vivem nas pr\u00f3prias localidades.<\/p>\n\n\n\n<p>A iniciativa procura, dessa forma, estabelecer par\u00e2metros comuns para uma atividade estrat\u00e9gica da matriz energ\u00e9tica sem deixar exclusivamente para contratos privados a defini\u00e7\u00e3o das condi\u00e7\u00f5es enfrentadas pelas comunidades pr\u00f3ximas.<\/p>\n\n\n\n<p>Antes de produzir efeitos legais, o projeto ainda passar\u00e1 pelas comiss\u00f5es respons\u00e1veis por meio ambiente, energia, finan\u00e7as e aspectos constitucionais dentro da C\u00e2mara dos Deputados.<\/p>\n\n\n\n<p>Mesmo com a tramita\u00e7\u00e3o em car\u00e1ter conclusivo nas comiss\u00f5es, a proposta precisar\u00e1 superar as etapas legislativas previstas na C\u00e2mara e no Senado antes de eventual transforma\u00e7\u00e3o em lei.<\/p>\n<\/div>","protected":false},"excerpt":{"rendered":"<p>Parques e\u00f3licos poder\u00e3o assumir novas responsabilidades perante as localidades receptoras, com prioridade para a contrata\u00e7\u00e3o de profissionais residentes nas pr\u00f3prias regi\u00f5es. O Projeto de Lei 2591\/26 pretende preencher lacunas na prote\u00e7\u00e3o das popula\u00e7\u00f5es que convivem com os impactos provocados por parques e\u00f3licos terrestres. O texto apresentado \u00e0 C\u00e2mara dos Deputados combina medidas de seguran\u00e7a, acompanhamento &hellip;<\/p>\n","protected":false},"author":10,"featured_media":59810,"comment_status":"open","ping_status":"open","sticky":false,"template":"","format":"standard","meta":{"footnotes":""},"categories":[21],"tags":[],"class_list":["post-59744","post","type-post","status-publish","format-standard","has-post-thumbnail","hentry","category-legislacao-e-normas-industriais"],"amp_enabled":true,"_links":{"self":[{"href":"https:\/\/www.solucoesindustriais.com.br\/news\/wp-json\/wp\/v2\/posts\/59744","targetHints":{"allow":["GET"]}}],"collection":[{"href":"https:\/\/www.solucoesindustriais.com.br\/news\/wp-json\/wp\/v2\/posts"}],"about":[{"href":"https:\/\/www.solucoesindustriais.com.br\/news\/wp-json\/wp\/v2\/types\/post"}],"author":[{"embeddable":true,"href":"https:\/\/www.solucoesindustriais.com.br\/news\/wp-json\/wp\/v2\/users\/10"}],"replies":[{"embeddable":true,"href":"https:\/\/www.solucoesindustriais.com.br\/news\/wp-json\/wp\/v2\/comments?post=59744"}],"version-history":[{"count":3,"href":"https:\/\/www.solucoesindustriais.com.br\/news\/wp-json\/wp\/v2\/posts\/59744\/revisions"}],"predecessor-version":[{"id":59815,"href":"https:\/\/www.solucoesindustriais.com.br\/news\/wp-json\/wp\/v2\/posts\/59744\/revisions\/59815"}],"wp:featuredmedia":[{"embeddable":true,"href":"https:\/\/www.solucoesindustriais.com.br\/news\/wp-json\/wp\/v2\/media\/59810"}],"wp:attachment":[{"href":"https:\/\/www.solucoesindustriais.com.br\/news\/wp-json\/wp\/v2\/media?parent=59744"}],"wp:term":[{"taxonomy":"category","embeddable":true,"href":"https:\/\/www.solucoesindustriais.com.br\/news\/wp-json\/wp\/v2\/categories?post=59744"},{"taxonomy":"post_tag","embeddable":true,"href":"https:\/\/www.solucoesindustriais.com.br\/news\/wp-json\/wp\/v2\/tags?post=59744"}],"curies":[{"name":"wp","href":"https:\/\/api.w.org\/{rel}","templated":true}]}}