{"id":59747,"date":"2026-09-03T09:00:00","date_gmt":"2026-09-03T12:00:00","guid":{"rendered":"https:\/\/www.solucoesindustriais.com.br\/news\/?p=59747"},"modified":"2026-09-03T14:03:39","modified_gmt":"2026-09-03T17:03:39","slug":"ue-suspende-importacoes-de-carnes-do-brasil","status":"publish","type":"post","link":"https:\/\/www.solucoesindustriais.com.br\/news\/industria-e-tendencias\/ue-suspende-importacoes-de-carnes-do-brasil\/","title":{"rendered":"Uni\u00e3o Europeia suspende importa\u00e7\u00f5es de carnes do Brasil"},"content":{"rendered":"<div class=\"tts_content_wrapper_1\" >\n<h3 class=\"wp-block-heading\">A retomada das importa\u00e7\u00f5es de carnes depender\u00e1 de avalia\u00e7\u00f5es t\u00e9cnicas e de negocia\u00e7\u00f5es entre autoridades brasileiras e europeias nas pr\u00f3ximas semanas.<\/h3>\n\n\n\n<p>A entrada de produtos brasileiros de origem animal na Uni\u00e3o Europeia passa por uma nova interrup\u00e7\u00e3o a partir desta quinta-feira (03), ap\u00f3s o bloco colocar em pr\u00e1tica uma restri\u00e7\u00e3o anunciada meses antes. A medida atinge diferentes cadeias exportadoras e mant\u00e9m o Brasil sob press\u00e3o para comprovar a adequa\u00e7\u00e3o de seus controles regulat\u00f3rios.<\/p>\n\n\n\n<h2 class=\"wp-block-heading\">UE bloqueia produtos brasileiros de origem animal<\/h2>\n\n\n\n<p>A partir desta quinta-feira (03), diversos produtos brasileiros de origem animal ficam temporariamente impedidos de entrar nos 27 pa\u00edses que formam a Uni\u00e3o Europeia.<\/p>\n\n\n\n<p>A medida alcan\u00e7a carne bovina, carne su\u00edna, frango, pescados, ovos e mel, com impacto direto sobre empresas que mant\u00eam parte de suas vendas direcionadas ao mercado europeu.<\/p>\n\n\n\n<p>Entre os segmentos afetados, bovinos e aves possuem maior peso nas exporta\u00e7\u00f5es brasileiras dessa categoria, embora ainda representem uma parcela limitada do total comercializado pelo pa\u00eds com o bloco.<\/p>\n\n\n\n<p>A suspens\u00e3o n\u00e3o foi provocada pela identifica\u00e7\u00e3o de contamina\u00e7\u00e3o ou de irregularidades nos produtos brasileiros destinados ao mercado europeu.<\/p>\n\n\n\n<p>O ponto de diverg\u00eancia est\u00e1 nos mecanismos usados pelo Brasil para fiscalizar o emprego de antimicrobianos na cria\u00e7\u00e3o animal, tema que passou a receber maior aten\u00e7\u00e3o das autoridades europeias.<\/p>\n\n\n\n<p>As normas do bloco restringem o uso de determinadas subst\u00e2ncias, especialmente aquelas aplicadas para estimular crescimento ou reservadas a tratamentos m\u00e9dicos em seres humanos.<\/p>\n\n\n\n<p>Foi nesse contexto regulat\u00f3rio que o Brasil deixou de integrar a rela\u00e7\u00e3o de pa\u00edses considerados plenamente compat\u00edveis com as exig\u00eancias europeias sobre esse tipo de controle.<\/p>\n\n\n\n<h2 class=\"wp-block-heading\">Auditoria pode definir retomada das exporta\u00e7\u00f5es<\/h2>\n\n\n\n<p>A possibilidade de revers\u00e3o do bloqueio depende agora de uma avalia\u00e7\u00e3o t\u00e9cnica que est\u00e1 em curso no Brasil sobre as cadeias de produ\u00e7\u00e3o de frango e mel.<\/p>\n\n\n\n<p>A auditoria deve terminar at\u00e9 sexta-feira, dia 4, mas a conclus\u00e3o do trabalho de campo n\u00e3o representa uma libera\u00e7\u00e3o autom\u00e1tica das exporta\u00e7\u00f5es.<\/p>\n\n\n\n<p>Depois dessa etapa, os dados coletados ser\u00e3o examinados pelas autoridades europeias, processo que pode levar cerca de dois meses antes de uma decis\u00e3o formal.<\/p>\n\n\n\n<p>Caso o Brasil consiga demonstrar que seus mecanismos de controle atendem \u00e0s exig\u00eancias do bloco, as vendas poder\u00e3o voltar a ser autorizadas.<\/p>\n\n\n\n<p>As negocia\u00e7\u00f5es entre as duas partes tamb\u00e9m permanecem abertas, o que mant\u00e9m a possibilidade de uma revis\u00e3o da medida conforme avancem as an\u00e1lises t\u00e9cnicas e regulat\u00f3rias.<\/p>\n\n\n\n<p>At\u00e9 l\u00e1, os setores afetados ter\u00e3o de aguardar a avalia\u00e7\u00e3o europeia enquanto o governo brasileiro trabalha para comprovar a adequa\u00e7\u00e3o dos controles exigidos.<\/p>\n<\/div>","protected":false},"excerpt":{"rendered":"<p>A retomada das importa\u00e7\u00f5es de carnes depender\u00e1 de avalia\u00e7\u00f5es t\u00e9cnicas e de negocia\u00e7\u00f5es entre autoridades brasileiras e europeias nas pr\u00f3ximas semanas. A entrada de produtos brasileiros de origem animal na Uni\u00e3o Europeia passa por uma nova interrup\u00e7\u00e3o a partir desta quinta-feira (03), ap\u00f3s o bloco colocar em pr\u00e1tica uma restri\u00e7\u00e3o anunciada meses antes. A medida &hellip;<\/p>\n","protected":false},"author":5,"featured_media":59748,"comment_status":"open","ping_status":"open","sticky":false,"template":"","format":"standard","meta":{"footnotes":""},"categories":[1],"tags":[],"class_list":["post-59747","post","type-post","status-publish","format-standard","has-post-thumbnail","hentry","category-industria-e-tendencias"],"amp_enabled":true,"_links":{"self":[{"href":"https:\/\/www.solucoesindustriais.com.br\/news\/wp-json\/wp\/v2\/posts\/59747","targetHints":{"allow":["GET"]}}],"collection":[{"href":"https:\/\/www.solucoesindustriais.com.br\/news\/wp-json\/wp\/v2\/posts"}],"about":[{"href":"https:\/\/www.solucoesindustriais.com.br\/news\/wp-json\/wp\/v2\/types\/post"}],"author":[{"embeddable":true,"href":"https:\/\/www.solucoesindustriais.com.br\/news\/wp-json\/wp\/v2\/users\/5"}],"replies":[{"embeddable":true,"href":"https:\/\/www.solucoesindustriais.com.br\/news\/wp-json\/wp\/v2\/comments?post=59747"}],"version-history":[{"count":1,"href":"https:\/\/www.solucoesindustriais.com.br\/news\/wp-json\/wp\/v2\/posts\/59747\/revisions"}],"predecessor-version":[{"id":59749,"href":"https:\/\/www.solucoesindustriais.com.br\/news\/wp-json\/wp\/v2\/posts\/59747\/revisions\/59749"}],"wp:featuredmedia":[{"embeddable":true,"href":"https:\/\/www.solucoesindustriais.com.br\/news\/wp-json\/wp\/v2\/media\/59748"}],"wp:attachment":[{"href":"https:\/\/www.solucoesindustriais.com.br\/news\/wp-json\/wp\/v2\/media?parent=59747"}],"wp:term":[{"taxonomy":"category","embeddable":true,"href":"https:\/\/www.solucoesindustriais.com.br\/news\/wp-json\/wp\/v2\/categories?post=59747"},{"taxonomy":"post_tag","embeddable":true,"href":"https:\/\/www.solucoesindustriais.com.br\/news\/wp-json\/wp\/v2\/tags?post=59747"}],"curies":[{"name":"wp","href":"https:\/\/api.w.org\/{rel}","templated":true}]}}