{"id":59752,"date":"2026-09-03T10:00:00","date_gmt":"2026-09-03T13:00:00","guid":{"rendered":"https:\/\/www.solucoesindustriais.com.br\/news\/?p=59752"},"modified":"2026-09-03T14:45:40","modified_gmt":"2026-09-03T17:45:40","slug":"total-linhas-aereas-suspensa","status":"publish","type":"post","link":"https:\/\/www.solucoesindustriais.com.br\/news\/economia-e-negocios\/total-linhas-aereas-suspensa\/","title":{"rendered":"Anac suspende opera\u00e7\u00f5es da Total Linhas A\u00e9reas"},"content":{"rendered":"<div class=\"tts_content_wrapper_1\" >\n<h3 class=\"wp-block-heading\">A suspens\u00e3o atinge uma companhia dedicada ao transporte de cargas que tamb\u00e9m mant\u00e9m opera\u00e7\u00f5es para os Correios, o que amplia a repercuss\u00e3o da decis\u00e3o sobre a log\u00edstica a\u00e9rea.<\/h3>\n\n\n\n<p>A Ag\u00eancia Nacional de Avia\u00e7\u00e3o Civil (Anac) determinou a paralisa\u00e7\u00e3o completa da Total Linhas A\u00e9reas ap\u00f3s identificar pend\u00eancias que, segundo o \u00f3rg\u00e3o, comprometem requisitos essenciais de seguran\u00e7a e conformidade. A retomada depender\u00e1 da corre\u00e7\u00e3o de problemas t\u00e9cnicos, da revis\u00e3o de procedimentos internos e da valida\u00e7\u00e3o de uma nova estrutura administrativa.<\/p>\n\n\n\n<h2 class=\"wp-block-heading\">Anac paralisa opera\u00e7\u00f5es da Total Linhas A\u00e9reas<\/h2>\n\n\n\n<p>A Total Linhas A\u00e9reas teve todas as suas opera\u00e7\u00f5es interrompidas por determina\u00e7\u00e3o da Ag\u00eancia Nacional de Avia\u00e7\u00e3o Civil (Anac), ap\u00f3s a identifica\u00e7\u00e3o de pend\u00eancias consideradas incompat\u00edveis com os padr\u00f5es exigidos pelo \u00f3rg\u00e3o regulador.<\/p>\n\n\n\n<p>A medida afeta uma companhia dedicada ao transporte de cargas e que tamb\u00e9m presta servi\u00e7os para os Correios, o que amplia a relev\u00e2ncia operacional da decis\u00e3o dentro da log\u00edstica a\u00e9rea nacional.<\/p>\n\n\n\n<p>Segundo a Anac, a suspens\u00e3o permanecer\u00e1 v\u00e1lida sem prazo definido e somente poder\u00e1 ser revista depois que a empresa comprovar a corre\u00e7\u00e3o dos problemas apontados em fiscaliza\u00e7\u00f5es e an\u00e1lises t\u00e9cnicas.<\/p>\n\n\n\n<p>Entre os pontos citados est\u00e3o falhas classificadas em n\u00edveis cr\u00edtico e alto, al\u00e9m de defici\u00eancias relacionadas \u00e0 seguran\u00e7a operacional e \u00e0 prote\u00e7\u00e3o da avia\u00e7\u00e3o civil contra interfer\u00eancias il\u00edcitas.<\/p>\n\n\n\n<p>A ag\u00eancia tamb\u00e9m exige ajustes na estrutura administrativa da companhia, com recomposi\u00e7\u00e3o do quadro respons\u00e1vel pela gest\u00e3o e valida\u00e7\u00e3o dos nomes indicados para essas fun\u00e7\u00f5es.<\/p>\n\n\n\n<h2 class=\"wp-block-heading\">Retomada depende de s\u00e9rie de corre\u00e7\u00f5es<\/h2>\n\n\n\n<p>Para voltar a operar, a empresa ter\u00e1 de demonstrar que seus sistemas internos de seguran\u00e7a alcan\u00e7aram condi\u00e7\u00f5es consideradas aceit\u00e1veis pelas \u00e1reas t\u00e9cnicas respons\u00e1veis pela supervis\u00e3o.<\/p>\n\n\n\n<p>A lista de exig\u00eancias inclui ainda a regulariza\u00e7\u00e3o dos controles de aeronavegabilidade continuada, etapa essencial para comprovar que as aeronaves permanecem aptas ao servi\u00e7o dentro dos padr\u00f5es previstos.<\/p>\n\n\n\n<p>Outro ponto envolve a revis\u00e3o dos procedimentos usados para identificar, comunicar e tratar eventos ou riscos operacionais, com necessidade de maior consist\u00eancia nos fluxos internos de controle.<\/p>\n\n\n\n<p>A Total tamb\u00e9m ficar\u00e1 sujeita a novas auditorias e instrumentos de fiscaliza\u00e7\u00e3o, que precisar\u00e3o apresentar resultados satisfat\u00f3rios antes de qualquer autoriza\u00e7\u00e3o para retomada das atividades.<\/p>\n\n\n\n<p>Na pr\u00e1tica, a decis\u00e3o transfere para a companhia a obriga\u00e7\u00e3o de comprovar que as falhas foram efetivamente corrigidas e que a opera\u00e7\u00e3o pode voltar sem comprometer os crit\u00e9rios de seguran\u00e7a estabelecidos pela Anac.<\/p>\n<\/div>","protected":false},"excerpt":{"rendered":"<p>A suspens\u00e3o atinge uma companhia dedicada ao transporte de cargas que tamb\u00e9m mant\u00e9m opera\u00e7\u00f5es para os Correios, o que amplia a repercuss\u00e3o da decis\u00e3o sobre a log\u00edstica a\u00e9rea. A Ag\u00eancia Nacional de Avia\u00e7\u00e3o Civil (Anac) determinou a paralisa\u00e7\u00e3o completa da Total Linhas A\u00e9reas ap\u00f3s identificar pend\u00eancias que, segundo o \u00f3rg\u00e3o, comprometem requisitos essenciais de seguran\u00e7a &hellip;<\/p>\n","protected":false},"author":4,"featured_media":59753,"comment_status":"open","ping_status":"open","sticky":false,"template":"","format":"standard","meta":{"footnotes":""},"categories":[3],"tags":[],"class_list":["post-59752","post","type-post","status-publish","format-standard","has-post-thumbnail","hentry","category-economia-e-negocios"],"amp_enabled":true,"_links":{"self":[{"href":"https:\/\/www.solucoesindustriais.com.br\/news\/wp-json\/wp\/v2\/posts\/59752","targetHints":{"allow":["GET"]}}],"collection":[{"href":"https:\/\/www.solucoesindustriais.com.br\/news\/wp-json\/wp\/v2\/posts"}],"about":[{"href":"https:\/\/www.solucoesindustriais.com.br\/news\/wp-json\/wp\/v2\/types\/post"}],"author":[{"embeddable":true,"href":"https:\/\/www.solucoesindustriais.com.br\/news\/wp-json\/wp\/v2\/users\/4"}],"replies":[{"embeddable":true,"href":"https:\/\/www.solucoesindustriais.com.br\/news\/wp-json\/wp\/v2\/comments?post=59752"}],"version-history":[{"count":1,"href":"https:\/\/www.solucoesindustriais.com.br\/news\/wp-json\/wp\/v2\/posts\/59752\/revisions"}],"predecessor-version":[{"id":59754,"href":"https:\/\/www.solucoesindustriais.com.br\/news\/wp-json\/wp\/v2\/posts\/59752\/revisions\/59754"}],"wp:featuredmedia":[{"embeddable":true,"href":"https:\/\/www.solucoesindustriais.com.br\/news\/wp-json\/wp\/v2\/media\/59753"}],"wp:attachment":[{"href":"https:\/\/www.solucoesindustriais.com.br\/news\/wp-json\/wp\/v2\/media?parent=59752"}],"wp:term":[{"taxonomy":"category","embeddable":true,"href":"https:\/\/www.solucoesindustriais.com.br\/news\/wp-json\/wp\/v2\/categories?post=59752"},{"taxonomy":"post_tag","embeddable":true,"href":"https:\/\/www.solucoesindustriais.com.br\/news\/wp-json\/wp\/v2\/tags?post=59752"}],"curies":[{"name":"wp","href":"https:\/\/api.w.org\/{rel}","templated":true}]}}