{"id":59755,"date":"2026-09-03T10:30:00","date_gmt":"2026-09-03T13:30:00","guid":{"rendered":"https:\/\/www.solucoesindustriais.com.br\/news\/?p=59755"},"modified":"2026-09-03T15:18:47","modified_gmt":"2026-09-03T18:18:47","slug":"petroleo-vendido-ao-exterior","status":"publish","type":"post","link":"https:\/\/www.solucoesindustriais.com.br\/news\/industria-e-tendencias\/petroleo-vendido-ao-exterior\/","title":{"rendered":"Governo mant\u00e9m cobran\u00e7a de 12% sobre petr\u00f3leo vendido ao exterior"},"content":{"rendered":"<div class=\"tts_content_wrapper_1\" >\n<h3 class=\"wp-block-heading\">A tributa\u00e7\u00e3o sobre o petr\u00f3leo vendido ao exterior ganhou novo peso ap\u00f3s decis\u00f5es judiciais divergentes sobre a continuidade do imposto ao longo das \u00faltimas semanas.<\/h3>\n\n\n\n<p>A exporta\u00e7\u00e3o brasileira de petr\u00f3leo continuar\u00e1 sujeita \u00e0 al\u00edquota de 12% ap\u00f3s nova decis\u00e3o da C\u00e2mara de Com\u00e9rcio Exterior (Camex), que estendeu a cobran\u00e7a por dois meses. A medida combina objetivos econ\u00f4micos e fiscais e ainda permanece cercada por questionamentos judiciais sobre sua base legal.<\/p>\n\n\n\n<h2 class=\"wp-block-heading\">Al\u00edquota permanece sobre exporta\u00e7\u00f5es de petr\u00f3leo<\/h2>\n\n\n\n<p>Empresas que comercializam petr\u00f3leo brasileiro no exterior continuar\u00e3o sujeitas \u00e0 tributa\u00e7\u00e3o de 12%, ap\u00f3s o governo estender a cobran\u00e7a por mais 60 dias.<\/p>\n\n\n\n<p>O novo per\u00edodo come\u00e7a em 8 de setembro e prolonga uma pol\u00edtica criada neste ano para responder \u00e0s press\u00f5es provocadas pela alta do petr\u00f3leo sobre a economia dom\u00e9stica.<\/p>\n\n\n\n<p>Al\u00e9m do petr\u00f3leo bruto, a medida alcan\u00e7a minerais betuminosos, materiais ricos em hidrocarbonetos utilizados na produ\u00e7\u00e3o de combust\u00edveis e outros derivados.<\/p>\n\n\n\n<p>A decis\u00e3o ocorre em um ambiente internacional marcado por tens\u00f5es no Oriente M\u00e9dio, cen\u00e1rio que mant\u00e9m preocupa\u00e7\u00f5es sobre pre\u00e7os, log\u00edstica e disponibilidade de energia.<\/p>\n\n\n\n<p>A Receita Federal informa que o imposto j\u00e1 gerou R$ 7,9 bilh\u00f5es em arrecada\u00e7\u00e3o desde sua implementa\u00e7\u00e3o, resultado que aumentou o peso fiscal da medida.<\/p>\n\n\n\n<p>Com a prorroga\u00e7\u00e3o, o governo mant\u00e9m por mais dois meses um mecanismo voltado \u00e0s vendas externas enquanto acompanha os efeitos das oscila\u00e7\u00f5es internacionais sobre o mercado brasileiro.<\/p>\n\n\n\n<h2 class=\"wp-block-heading\">Cobran\u00e7a volta a valer ap\u00f3s rev\u00e9s judicial ser revertido<\/h2>\n\n\n\n<p>Antes da nova etapa do imposto come\u00e7ar, uma disputa nos tribunais colocou em d\u00favida a continuidade da tributa\u00e7\u00e3o para parte das empresas brasileiras de explora\u00e7\u00e3o e produ\u00e7\u00e3o.<\/p>\n\n\n\n<p>Em 27 de agosto, a Justi\u00e7a Federal do Distrito Federal concedeu uma liminar que retirou temporariamente das companhias representadas pela ABEP a obriga\u00e7\u00e3o de recolher os 12%.<\/p>\n\n\n\n<p>A controv\u00e9rsia surgiu porque a cobran\u00e7a teve origem em uma medida provis\u00f3ria que expirou sem vota\u00e7\u00e3o do Congresso, enquanto sua continuidade recebeu posteriormente respaldo por meio de uma resolu\u00e7\u00e3o do Gecex.<\/p>\n\n\n\n<p>Esse caminho jur\u00eddico foi questionado na primeira inst\u00e2ncia, que tamb\u00e9m levantou d\u00favidas sobre a utiliza\u00e7\u00e3o do imposto de exporta\u00e7\u00e3o como instrumento adequado aos objetivos econ\u00f4micos apresentados pelo governo.<\/p>\n\n\n\n<p>A Procuradoria-Geral da Fazenda Nacional contestou a suspens\u00e3o e levou ao tribunal argumentos relacionados aos poss\u00edveis efeitos da interrup\u00e7\u00e3o sobre as contas p\u00fablicas, o planejamento governamental e a pol\u00edtica comercial.<\/p>\n\n\n\n<p>Dois dias antes da publica\u00e7\u00e3o da nova prorroga\u00e7\u00e3o, o Tribunal Regional Federal da 1\u00aa Regi\u00e3o derrubou a liminar, o que retirou o obst\u00e1culo que havia interrompido temporariamente a cobran\u00e7a.<\/p>\n\n\n\n<p>A discuss\u00e3o judicial, por\u00e9m, permanece relevante para o setor, pois a decis\u00e3o do tribunal resolveu a quest\u00e3o provis\u00f3ria sem encerrar definitivamente o debate sobre a validade do tributo.<\/p>\n<\/div>","protected":false},"excerpt":{"rendered":"<p>A tributa\u00e7\u00e3o sobre o petr\u00f3leo vendido ao exterior ganhou novo peso ap\u00f3s decis\u00f5es judiciais divergentes sobre a continuidade do imposto ao longo das \u00faltimas semanas. A exporta\u00e7\u00e3o brasileira de petr\u00f3leo continuar\u00e1 sujeita \u00e0 al\u00edquota de 12% ap\u00f3s nova decis\u00e3o da C\u00e2mara de Com\u00e9rcio Exterior (Camex), que estendeu a cobran\u00e7a por dois meses. A medida combina &hellip;<\/p>\n","protected":false},"author":5,"featured_media":59760,"comment_status":"open","ping_status":"open","sticky":false,"template":"","format":"standard","meta":{"footnotes":""},"categories":[1],"tags":[],"class_list":["post-59755","post","type-post","status-publish","format-standard","has-post-thumbnail","hentry","category-industria-e-tendencias"],"amp_enabled":true,"_links":{"self":[{"href":"https:\/\/www.solucoesindustriais.com.br\/news\/wp-json\/wp\/v2\/posts\/59755","targetHints":{"allow":["GET"]}}],"collection":[{"href":"https:\/\/www.solucoesindustriais.com.br\/news\/wp-json\/wp\/v2\/posts"}],"about":[{"href":"https:\/\/www.solucoesindustriais.com.br\/news\/wp-json\/wp\/v2\/types\/post"}],"author":[{"embeddable":true,"href":"https:\/\/www.solucoesindustriais.com.br\/news\/wp-json\/wp\/v2\/users\/5"}],"replies":[{"embeddable":true,"href":"https:\/\/www.solucoesindustriais.com.br\/news\/wp-json\/wp\/v2\/comments?post=59755"}],"version-history":[{"count":1,"href":"https:\/\/www.solucoesindustriais.com.br\/news\/wp-json\/wp\/v2\/posts\/59755\/revisions"}],"predecessor-version":[{"id":59761,"href":"https:\/\/www.solucoesindustriais.com.br\/news\/wp-json\/wp\/v2\/posts\/59755\/revisions\/59761"}],"wp:featuredmedia":[{"embeddable":true,"href":"https:\/\/www.solucoesindustriais.com.br\/news\/wp-json\/wp\/v2\/media\/59760"}],"wp:attachment":[{"href":"https:\/\/www.solucoesindustriais.com.br\/news\/wp-json\/wp\/v2\/media?parent=59755"}],"wp:term":[{"taxonomy":"category","embeddable":true,"href":"https:\/\/www.solucoesindustriais.com.br\/news\/wp-json\/wp\/v2\/categories?post=59755"},{"taxonomy":"post_tag","embeddable":true,"href":"https:\/\/www.solucoesindustriais.com.br\/news\/wp-json\/wp\/v2\/tags?post=59755"}],"curies":[{"name":"wp","href":"https:\/\/api.w.org\/{rel}","templated":true}]}}