{"id":59781,"date":"2026-09-05T11:00:00","date_gmt":"2026-09-05T14:00:00","guid":{"rendered":"https:\/\/www.solucoesindustriais.com.br\/news\/?p=59781"},"modified":"2026-09-04T09:54:19","modified_gmt":"2026-09-04T12:54:19","slug":"qualifica-sp-empreenda","status":"publish","type":"post","link":"https:\/\/www.solucoesindustriais.com.br\/news\/educacao-e-carreiras\/qualifica-sp-empreenda\/","title":{"rendered":"Curso do Qualifica SP \u2013 Empreenda oferece 500 vagas em S\u00e3o Paulo"},"content":{"rendered":"<div class=\"tts_content_wrapper_1\" >\n<h3 class=\"wp-block-heading\">O Qualifica SP \u2013 Empreenda inclui mentorias individuais e coletivas, recurso pensado para aproximar o conte\u00fado do curso das dificuldades reais enfrentadas pelos participantes.<\/h3>\n\n\n\n<p>Empreendedores paulistas ter\u00e3o uma nova oportunidade de aprimorar conhecimentos sobre administra\u00e7\u00e3o, planejamento financeiro e desenvolvimento comercial por meio de uma capacita\u00e7\u00e3o oferecida pelo Governo de S\u00e3o Paulo. A iniciativa reserva 500 vagas para participantes com neg\u00f3cios formalizados ou atividades informais e integra a etapa final de uma forma\u00e7\u00e3o que j\u00e1 abriu outras turmas no estado.<\/p>\n\n\n\n<h2 class=\"wp-block-heading\">Forma\u00e7\u00e3o oferece 500 vagas para empreendedores<\/h2>\n\n\n\n<p>A nova turma faz parte do Qualifica SP \u2013 Empreenda, programa estadual voltado ao fortalecimento de pequenos neg\u00f3cios por meio de conhecimentos aplic\u00e1veis \u00e0 rotina empresarial.<\/p>\n\n\n\n<p>Pessoas com pelo menos 18 anos e atua\u00e7\u00e3o empreendedora no estado podem participar da sele\u00e7\u00e3o, independentemente da exist\u00eancia de registro formal para a atividade profissional.<\/p>\n\n\n\n<p>As inscri\u00e7\u00f5es permanecem dispon\u00edveis at\u00e9 7 de setembro pelo portal do Qualifica SP, enquanto o in\u00edcio das atividades est\u00e1 previsto para 15 de setembro.<\/p>\n\n\n\n<p>Esta ser\u00e1 a \u00faltima etapa de inscri\u00e7\u00f5es da iniciativa, que disponibilizou duas mil oportunidades ao longo de quatro ciclos destinados aos empreendedores participantes.<\/p>\n\n\n\n<p>A Funda\u00e7\u00e3o Dom Cabral ficar\u00e1 respons\u00e1vel pela execu\u00e7\u00e3o da capacita\u00e7\u00e3o, cuja programa\u00e7\u00e3o ter\u00e1 30 horas distribu\u00eddas entre tr\u00eas m\u00f3dulos de conte\u00fado empresarial.<\/p>\n\n\n\n<h2 class=\"wp-block-heading\">Curso aborda desafios presentes na gest\u00e3o de pequenos neg\u00f3cios<\/h2>\n\n\n\n<p>O conte\u00fado previsto inclui gest\u00e3o financeira, an\u00e1lise de oportunidades comerciais e elabora\u00e7\u00e3o de planos de neg\u00f3cios, temas diretamente relacionados \u00e0 organiza\u00e7\u00e3o e expans\u00e3o das empresas.<\/p>\n\n\n\n<p>Al\u00e9m das aulas, os participantes ter\u00e3o acesso a mentorias individuais e coletivas, formato que permite aprofundar quest\u00f5es relacionadas aos desafios encontrados durante a administra\u00e7\u00e3o dos empreendimentos.<\/p>\n\n\n\n<p>A proposta tamb\u00e9m considera dificuldades identificadas entre pequenos empres\u00e1rios, como acesso ao cr\u00e9dito, burocracia, organiza\u00e7\u00e3o financeira e estrat\u00e9gias para promover produtos e ampliar vendas.<\/p>\n\n\n\n<p>Levantamento do Sebrae citado na iniciativa coloca esses fatores entre os principais obst\u00e1culos enfrentados pelos empreendedores, o que orientou parte dos assuntos escolhidos para a forma\u00e7\u00e3o.<\/p>\n\n\n\n<p>Com a capacita\u00e7\u00e3o, o programa busca oferecer instrumentos para decis\u00f5es empresariais mais estruturadas e ampliar o conhecimento necess\u00e1rio para administrar neg\u00f3cios diante dessas dificuldades.<\/p>\n<\/div>","protected":false},"excerpt":{"rendered":"<p>O Qualifica SP \u2013 Empreenda inclui mentorias individuais e coletivas, recurso pensado para aproximar o conte\u00fado do curso das dificuldades reais enfrentadas pelos participantes. Empreendedores paulistas ter\u00e3o uma nova oportunidade de aprimorar conhecimentos sobre administra\u00e7\u00e3o, planejamento financeiro e desenvolvimento comercial por meio de uma capacita\u00e7\u00e3o oferecida pelo Governo de S\u00e3o Paulo. A iniciativa reserva 500 &hellip;<\/p>\n","protected":false},"author":7,"featured_media":59784,"comment_status":"open","ping_status":"open","sticky":false,"template":"","format":"standard","meta":{"footnotes":""},"categories":[48],"tags":[],"class_list":["post-59781","post","type-post","status-publish","format-standard","has-post-thumbnail","hentry","category-educacao-e-carreiras"],"amp_enabled":true,"_links":{"self":[{"href":"https:\/\/www.solucoesindustriais.com.br\/news\/wp-json\/wp\/v2\/posts\/59781","targetHints":{"allow":["GET"]}}],"collection":[{"href":"https:\/\/www.solucoesindustriais.com.br\/news\/wp-json\/wp\/v2\/posts"}],"about":[{"href":"https:\/\/www.solucoesindustriais.com.br\/news\/wp-json\/wp\/v2\/types\/post"}],"author":[{"embeddable":true,"href":"https:\/\/www.solucoesindustriais.com.br\/news\/wp-json\/wp\/v2\/users\/7"}],"replies":[{"embeddable":true,"href":"https:\/\/www.solucoesindustriais.com.br\/news\/wp-json\/wp\/v2\/comments?post=59781"}],"version-history":[{"count":1,"href":"https:\/\/www.solucoesindustriais.com.br\/news\/wp-json\/wp\/v2\/posts\/59781\/revisions"}],"predecessor-version":[{"id":59783,"href":"https:\/\/www.solucoesindustriais.com.br\/news\/wp-json\/wp\/v2\/posts\/59781\/revisions\/59783"}],"wp:featuredmedia":[{"embeddable":true,"href":"https:\/\/www.solucoesindustriais.com.br\/news\/wp-json\/wp\/v2\/media\/59784"}],"wp:attachment":[{"href":"https:\/\/www.solucoesindustriais.com.br\/news\/wp-json\/wp\/v2\/media?parent=59781"}],"wp:term":[{"taxonomy":"category","embeddable":true,"href":"https:\/\/www.solucoesindustriais.com.br\/news\/wp-json\/wp\/v2\/categories?post=59781"},{"taxonomy":"post_tag","embeddable":true,"href":"https:\/\/www.solucoesindustriais.com.br\/news\/wp-json\/wp\/v2\/tags?post=59781"}],"curies":[{"name":"wp","href":"https:\/\/api.w.org\/{rel}","templated":true}]}}