{"id":59786,"date":"2026-09-04T09:30:00","date_gmt":"2026-09-04T12:30:00","guid":{"rendered":"https:\/\/www.solucoesindustriais.com.br\/news\/?p=59786"},"modified":"2026-09-04T10:28:38","modified_gmt":"2026-09-04T13:28:38","slug":"indignacao-ao-veto-europeu-a-carne-brasileira","status":"publish","type":"post","link":"https:\/\/www.solucoesindustriais.com.br\/news\/industria-e-tendencias\/indignacao-ao-veto-europeu-a-carne-brasileira\/","title":{"rendered":"Governo reage com indigna\u00e7\u00e3o ao veto europeu \u00e0 carne brasileira"},"content":{"rendered":"<div class=\"tts_content_wrapper_1\" >\n<h3 class=\"wp-block-heading\">O<strong> <\/strong>veto europeu<strong> <\/strong>pode comprometer parte das vantagens tarif\u00e1rias previstas nas negocia\u00e7\u00f5es comerciais conclu\u00eddas entre Mercosul e Uni\u00e3o Europeia.<\/h3>\n\n\n\n<p>A decis\u00e3o da Uni\u00e3o Europeia de suspender compras de carne bovina, carne de aves, ovos e mel do Brasil provocou forte rea\u00e7\u00e3o do governo federal, que contestou tanto a medida quanto a forma adotada pelo bloco europeu. A manifesta\u00e7\u00e3o oficial destaca indigna\u00e7\u00e3o com a falta de di\u00e1logo pr\u00e9vio e indica que o pa\u00eds poder\u00e1 recorrer a instrumentos comerciais e jur\u00eddicos caso a restri\u00e7\u00e3o permane\u00e7a em vigor.<\/p>\n\n\n\n<h2 class=\"wp-block-heading\">Brasil reage com indigna\u00e7\u00e3o ao bloqueio europeu<\/h2>\n\n\n\n<p>O governo brasileiro reagiu com indigna\u00e7\u00e3o ap\u00f3s a Uni\u00e3o Europeia suspender as importa\u00e7\u00f5es de carne bovina, carne de aves, ovos e mel produzidos no Brasil.<\/p>\n\n\n\n<p>A restri\u00e7\u00e3o europeia entra em vigor ap\u00f3s o bloco considerar insuficientes as garantias apresentadas pelo pa\u00eds sobre o cumprimento das exig\u00eancias sanit\u00e1rias relacionadas ao uso de antibi\u00f3ticos na pecu\u00e1ria.<\/p>\n\n\n\n<p>Bras\u00edlia contestou a forma como a decis\u00e3o foi adotada e afirmou que faltou uma etapa adequada de di\u00e1logo antes da imposi\u00e7\u00e3o de uma medida com efeitos comerciais relevantes.<\/p>\n\n\n\n<p>Para as autoridades brasileiras, a aus\u00eancia dessa interlocu\u00e7\u00e3o contrasta com a rela\u00e7\u00e3o estrat\u00e9gica constru\u00edda entre o pa\u00eds e a Uni\u00e3o Europeia ao longo das negocia\u00e7\u00f5es comerciais recentes.<\/p>\n\n\n\n<p>A rea\u00e7\u00e3o oficial tamb\u00e9m cita a possibilidade de recorrer \u00e0 Lei de Reciprocidade e a instrumentos previstos no acordo comercial entre Mercosul e Uni\u00e3o Europeia.<\/p>\n\n\n\n<p>O governo avalia que esses mecanismos poder\u00e3o ser acionados caso as tratativas t\u00e9cnicas n\u00e3o produzam uma solu\u00e7\u00e3o capaz de restabelecer o acesso dos produtos brasileiros ao mercado europeu.<\/p>\n\n\n\n<h2 class=\"wp-block-heading\">Governo contesta justificativa e cobra solu\u00e7\u00e3o<\/h2>\n\n\n\n<p>O Brasil afirma ter fornecido documentos, informa\u00e7\u00f5es t\u00e9cnicas e esclarecimentos sobre diferentes cadeias produtivas ap\u00f3s questionamentos apresentados pelas autoridades sanit\u00e1rias da Uni\u00e3o Europeia.<\/p>\n\n\n\n<p>As medidas adotadas pelo pa\u00eds tamb\u00e9m abrangeram a aceita\u00e7\u00e3o de uma auditoria nas cadeias exportadoras, com o objetivo de demonstrar a conformidade dos controles aplicados aos produtos.<\/p>\n\n\n\n<p>Mesmo ap\u00f3s essas iniciativas, o bloco europeu decidiu interromper as compras dos itens afetados, fato que ampliou a insatisfa\u00e7\u00e3o das autoridades brasileiras com a condu\u00e7\u00e3o do processo.<\/p>\n\n\n\n<p>O governo defende que o sistema sanit\u00e1rio nacional oferece seguran\u00e7a aos consumidores e sustenta exporta\u00e7\u00f5es de produtos de origem animal para mais de 150 mercados internacionais.<\/p>\n\n\n\n<p>A preocupa\u00e7\u00e3o tamb\u00e9m alcan\u00e7a o acordo comercial entre Mercosul e Uni\u00e3o Europeia, pois carnes, ovos e mel receberam condi\u00e7\u00f5es espec\u00edficas de acesso durante as negocia\u00e7\u00f5es conclu\u00eddas.<\/p>\n\n\n\n<p>Na avalia\u00e7\u00e3o brasileira, a retirada desses produtos do mercado europeu pode reduzir benef\u00edcios negociados anteriormente e alterar o equil\u00edbrio comercial constru\u00eddo entre as duas partes.<\/p>\n<\/div>","protected":false},"excerpt":{"rendered":"<p>O veto europeu pode comprometer parte das vantagens tarif\u00e1rias previstas nas negocia\u00e7\u00f5es comerciais conclu\u00eddas entre Mercosul e Uni\u00e3o Europeia. A decis\u00e3o da Uni\u00e3o Europeia de suspender compras de carne bovina, carne de aves, ovos e mel do Brasil provocou forte rea\u00e7\u00e3o do governo federal, que contestou tanto a medida quanto a forma adotada pelo bloco &hellip;<\/p>\n","protected":false},"author":5,"featured_media":59787,"comment_status":"open","ping_status":"open","sticky":false,"template":"","format":"standard","meta":{"footnotes":""},"categories":[1],"tags":[],"class_list":["post-59786","post","type-post","status-publish","format-standard","has-post-thumbnail","hentry","category-industria-e-tendencias"],"amp_enabled":true,"_links":{"self":[{"href":"https:\/\/www.solucoesindustriais.com.br\/news\/wp-json\/wp\/v2\/posts\/59786","targetHints":{"allow":["GET"]}}],"collection":[{"href":"https:\/\/www.solucoesindustriais.com.br\/news\/wp-json\/wp\/v2\/posts"}],"about":[{"href":"https:\/\/www.solucoesindustriais.com.br\/news\/wp-json\/wp\/v2\/types\/post"}],"author":[{"embeddable":true,"href":"https:\/\/www.solucoesindustriais.com.br\/news\/wp-json\/wp\/v2\/users\/5"}],"replies":[{"embeddable":true,"href":"https:\/\/www.solucoesindustriais.com.br\/news\/wp-json\/wp\/v2\/comments?post=59786"}],"version-history":[{"count":1,"href":"https:\/\/www.solucoesindustriais.com.br\/news\/wp-json\/wp\/v2\/posts\/59786\/revisions"}],"predecessor-version":[{"id":59788,"href":"https:\/\/www.solucoesindustriais.com.br\/news\/wp-json\/wp\/v2\/posts\/59786\/revisions\/59788"}],"wp:featuredmedia":[{"embeddable":true,"href":"https:\/\/www.solucoesindustriais.com.br\/news\/wp-json\/wp\/v2\/media\/59787"}],"wp:attachment":[{"href":"https:\/\/www.solucoesindustriais.com.br\/news\/wp-json\/wp\/v2\/media?parent=59786"}],"wp:term":[{"taxonomy":"category","embeddable":true,"href":"https:\/\/www.solucoesindustriais.com.br\/news\/wp-json\/wp\/v2\/categories?post=59786"},{"taxonomy":"post_tag","embeddable":true,"href":"https:\/\/www.solucoesindustriais.com.br\/news\/wp-json\/wp\/v2\/tags?post=59786"}],"curies":[{"name":"wp","href":"https:\/\/api.w.org\/{rel}","templated":true}]}}