{"id":59792,"date":"2026-09-04T10:30:00","date_gmt":"2026-09-04T13:30:00","guid":{"rendered":"https:\/\/www.solucoesindustriais.com.br\/news\/?p=59792"},"modified":"2026-09-04T11:56:40","modified_gmt":"2026-09-04T14:56:40","slug":"aquecimento-global-acima-de-15-c-e-inevitavel","status":"publish","type":"post","link":"https:\/\/www.solucoesindustriais.com.br\/news\/saude-seguranca-e-meio-ambiente\/aquecimento-global-acima-de-15-c-e-inevitavel\/","title":{"rendered":"Aquecimento global acima de 1,5 \u00b0C \u00e9 inevit\u00e1vel, aponta relat\u00f3rio da ONU"},"content":{"rendered":"<div class=\"tts_content_wrapper_1\" >\n<h3 class=\"wp-block-heading\">O aquecimento global poder\u00e1 atingir aproximadamente 1,8 \u00b0C mesmo no cen\u00e1rio mais favor\u00e1vel avaliado pelo relat\u00f3rio das Na\u00e7\u00f5es Unidas.<\/h3>\n\n\n\n<p>Um novo relat\u00f3rio do Programa das Na\u00e7\u00f5es Unidas para o Meio Ambiente (PNUMA) conclui que o planeta dever\u00e1 ultrapassar a marca de 1,5 \u00b0C nos pr\u00f3ximos anos. A avalia\u00e7\u00e3o modifica o debate clim\u00e1tico internacional, que passa a considerar tanto a redu\u00e7\u00e3o imediata das emiss\u00f5es quanto a prepara\u00e7\u00e3o para impactos mais severos.<\/p>\n\n\n\n<h2 class=\"wp-block-heading\">Relat\u00f3rio rev\u00ea cen\u00e1rio para a meta de 1,5 \u00b0C<\/h2>\n\n\n\n<p>A pol\u00edtica clim\u00e1tica internacional recebeu um diagn\u00f3stico mais severo, pois o Programa das Na\u00e7\u00f5es Unidas para o Meio Ambiente considera inevit\u00e1vel superar 1,5 \u00b0C nos pr\u00f3ximos anos.<\/p>\n\n\n\n<p>Esse patamar representa o limite de aquecimento definido pelo Acordo de Paris em rela\u00e7\u00e3o \u00e0s temperaturas registradas antes do avan\u00e7o da industrializa\u00e7\u00e3o global.<\/p>\n\n\n\n<p>Mesmo na proje\u00e7\u00e3o mais favor\u00e1vel apresentada pelo estudo, a temperatura m\u00e9dia do planeta poder\u00e1 atingir aproximadamente 1,8 \u00b0C antes de uma poss\u00edvel redu\u00e7\u00e3o posterior.<\/p>\n\n\n\n<p>A nova avalia\u00e7\u00e3o modifica o centro do debate, porque os pa\u00edses precisam limitar tanto a intensidade do excesso quanto o per\u00edodo de perman\u00eancia acima da meta clim\u00e1tica.<\/p>\n\n\n\n<p>Menos de um ano antes, representantes das Na\u00e7\u00f5es Unidas ainda defendiam que o objetivo de 1,5 \u00b0C poderia permanecer vi\u00e1vel por meio de maior coopera\u00e7\u00e3o internacional.<\/p>\n\n\n\n<h2 class=\"wp-block-heading\">Aquecimento adicional eleva risco de danos severos<\/h2>\n\n\n\n<p>A ultrapassagem desse limite pode intensificar ondas de calor, enchentes, eleva\u00e7\u00e3o do n\u00edvel dos oceanos e outros eventos capazes de atingir milh\u00f5es de pessoas.<\/p>\n\n\n\n<p>Recifes de coral, geleiras e \u00e1reas de solo permanentemente congelado aparecem entre os sistemas naturais mais vulner\u00e1veis \u00e0s mudan\u00e7as causadas por temperaturas mais elevadas.<\/p>\n\n\n\n<p>O relat\u00f3rio surge ap\u00f3s uma temporada marcada por calor recorde na Europa, inc\u00eandios florestais de grande propor\u00e7\u00e3o na Am\u00e9rica do Norte e uma enchente destrutiva registrada entre Nepal e Tibete.<\/p>\n\n\n\n<p>A previs\u00e3o de um El Ni\u00f1o intenso, com pico esperado para dezembro, aumenta a possibilidade de 2027 estabelecer uma nova m\u00e1xima anual de temperatura global.<\/p>\n\n\n\n<p>Esse conjunto de amea\u00e7as exige investimentos em sa\u00fade p\u00fablica, infraestrutura, prote\u00e7\u00e3o costeira, produ\u00e7\u00e3o agr\u00edcola e sistemas de resposta destinados \u00e0s regi\u00f5es mais expostas.<\/p>\n\n\n\n<h2 class=\"wp-block-heading\">Redu\u00e7\u00e3o das emiss\u00f5es continua decisiva<\/h2>\n\n\n\n<p>Apesar da perspectiva de ultrapassagem, o estudo afirma que cortes r\u00e1pidos nos gases de efeito estufa podem reduzir o pico t\u00e9rmico e antecipar o retorno abaixo da refer\u00eancia estabelecida.<\/p>\n\n\n\n<p>Uma diferen\u00e7a pequena na temperatura m\u00e1xima pode evitar mortes, preservar ecossistemas e diminuir preju\u00edzos econ\u00f4micos associados a eventos clim\u00e1ticos mais frequentes e destrutivos.<\/p>\n\n\n\n<p>A resposta necess\u00e1ria envolve a\u00e7\u00f5es simult\u00e2neas para reduzir emiss\u00f5es e preparar cidades, empresas e servi\u00e7os p\u00fablicos para condi\u00e7\u00f5es ambientais mais dif\u00edceis nas pr\u00f3ximas d\u00e9cadas.<\/p>\n\n\n\n<p>Esse esfor\u00e7o enfrenta resist\u00eancia pol\u00edtica em v\u00e1rias economias, especialmente ap\u00f3s retrocessos em normas ambientais e redu\u00e7\u00e3o de projetos ligados \u00e0 transi\u00e7\u00e3o energ\u00e9tica.<\/p>\n\n\n\n<p>Nos Estados Unidos, a sa\u00edda oficial do Acordo de Paris em janeiro enfraqueceu a coopera\u00e7\u00e3o internacional justamente no momento de maior press\u00e3o por medidas clim\u00e1ticas adicionais.<\/p>\n\n\n\n<p>A meta de 1,5 \u00b0C continuar\u00e1 como refer\u00eancia central, pois permitir\u00e1 medir a dimens\u00e3o do excesso e avaliar a efic\u00e1cia das decis\u00f5es adotadas pelos pa\u00edses.<\/p>\n<\/div>","protected":false},"excerpt":{"rendered":"<p>O aquecimento global poder\u00e1 atingir aproximadamente 1,8 \u00b0C mesmo no cen\u00e1rio mais favor\u00e1vel avaliado pelo relat\u00f3rio das Na\u00e7\u00f5es Unidas. Um novo relat\u00f3rio do Programa das Na\u00e7\u00f5es Unidas para o Meio Ambiente (PNUMA) conclui que o planeta dever\u00e1 ultrapassar a marca de 1,5 \u00b0C nos pr\u00f3ximos anos. A avalia\u00e7\u00e3o modifica o debate clim\u00e1tico internacional, que passa &hellip;<\/p>\n","protected":false},"author":11,"featured_media":59799,"comment_status":"open","ping_status":"open","sticky":false,"template":"","format":"standard","meta":{"footnotes":""},"categories":[49],"tags":[],"class_list":["post-59792","post","type-post","status-publish","format-standard","has-post-thumbnail","hentry","category-saude-seguranca-e-meio-ambiente"],"amp_enabled":true,"_links":{"self":[{"href":"https:\/\/www.solucoesindustriais.com.br\/news\/wp-json\/wp\/v2\/posts\/59792","targetHints":{"allow":["GET"]}}],"collection":[{"href":"https:\/\/www.solucoesindustriais.com.br\/news\/wp-json\/wp\/v2\/posts"}],"about":[{"href":"https:\/\/www.solucoesindustriais.com.br\/news\/wp-json\/wp\/v2\/types\/post"}],"author":[{"embeddable":true,"href":"https:\/\/www.solucoesindustriais.com.br\/news\/wp-json\/wp\/v2\/users\/11"}],"replies":[{"embeddable":true,"href":"https:\/\/www.solucoesindustriais.com.br\/news\/wp-json\/wp\/v2\/comments?post=59792"}],"version-history":[{"count":1,"href":"https:\/\/www.solucoesindustriais.com.br\/news\/wp-json\/wp\/v2\/posts\/59792\/revisions"}],"predecessor-version":[{"id":59800,"href":"https:\/\/www.solucoesindustriais.com.br\/news\/wp-json\/wp\/v2\/posts\/59792\/revisions\/59800"}],"wp:featuredmedia":[{"embeddable":true,"href":"https:\/\/www.solucoesindustriais.com.br\/news\/wp-json\/wp\/v2\/media\/59799"}],"wp:attachment":[{"href":"https:\/\/www.solucoesindustriais.com.br\/news\/wp-json\/wp\/v2\/media?parent=59792"}],"wp:term":[{"taxonomy":"category","embeddable":true,"href":"https:\/\/www.solucoesindustriais.com.br\/news\/wp-json\/wp\/v2\/categories?post=59792"},{"taxonomy":"post_tag","embeddable":true,"href":"https:\/\/www.solucoesindustriais.com.br\/news\/wp-json\/wp\/v2\/tags?post=59792"}],"curies":[{"name":"wp","href":"https:\/\/api.w.org\/{rel}","templated":true}]}}