{"id":59798,"date":"2026-09-04T11:30:00","date_gmt":"2026-09-04T14:30:00","guid":{"rendered":"https:\/\/www.solucoesindustriais.com.br\/news\/?p=59798"},"modified":"2026-09-04T12:32:41","modified_gmt":"2026-09-04T15:32:41","slug":"3coracoes-assume-yoki-e-kitano","status":"publish","type":"post","link":"https:\/\/www.solucoesindustriais.com.br\/news\/economia-e-negocios\/3coracoes-assume-yoki-e-kitano\/","title":{"rendered":"3cora\u00e7\u00f5es assume Yoki e Kitano ap\u00f3s neg\u00f3cio de R$ 800 milh\u00f5es"},"content":{"rendered":"<div class=\"tts_content_wrapper_1\" >\n<h3 class=\"wp-block-heading\">3cora\u00e7\u00f5es assume Yoki e Kitano e eleva sua estrutura nacional para quinze f\u00e1bricas, ap\u00f3s a entrada de plantas localizadas em Minas Gerais e Mato Grosso.<\/h3>\n\n\n\n<p>Yoki e Kitano agora pertencem \u00e0 3cora\u00e7\u00f5es, ap\u00f3s a formaliza\u00e7\u00e3o do contrato que avaliou as atividades brasileiras da General Mills em R$ 800 milh\u00f5es. A mudan\u00e7a amplia o escopo da compradora no setor aliment\u00edcio e acrescenta neg\u00f3cios com presen\u00e7a relevante no cotidiano dos consumidores do pa\u00eds. A incorpora\u00e7\u00e3o dos recursos produtivos e administrativos oferece suporte para essa expans\u00e3o, com preserva\u00e7\u00e3o das identidades comerciais e continuidade das atividades locais.<\/p>\n\n\n\n<h2 class=\"wp-block-heading\">Mudan\u00e7a de controle \u00e9 formalizada em setembro<\/h2>\n\n\n\n<p>A 3cora\u00e7\u00f5es tornou-se propriet\u00e1ria de Yoki e Kitano na \u00faltima ter\u00e7a-feira (03), ap\u00f3s a conclus\u00e3o da compra de R$ 800 milh\u00f5es firmada com a General Mills.<\/p>\n\n\n\n<p>O desfecho confirma uma negocia\u00e7\u00e3o apresentada ao mercado em mar\u00e7o e encerra a participa\u00e7\u00e3o direta da multinacional estadunidense nessas atividades brasileiras.<\/p>\n\n\n\n<p>Para o grupo comprador, a incorpora\u00e7\u00e3o abre espa\u00e7o em segmentos de alimentos que at\u00e9 ent\u00e3o ocupavam uma parcela menor dentro de sua atua\u00e7\u00e3o comercial.<\/p>\n\n\n\n<p>A nova composi\u00e7\u00e3o empresarial re\u00fane duas refer\u00eancias conhecidas no varejo nacional e reduz a concentra\u00e7\u00e3o hist\u00f3rica da companhia no setor de caf\u00e9.<\/p>\n\n\n\n<p>As duas marcas agregam pipocas para micro-ondas, farofas, batatas palha, ervas, especiarias e temperos voltados ao consumo dom\u00e9stico em todo o pa\u00eds.<\/p>\n\n\n\n<h2 class=\"wp-block-heading\">Estrutura adquirida re\u00fane f\u00e1bricas e escrit\u00f3rio<\/h2>\n\n\n\n<p>A base produtiva da 3cora\u00e7\u00f5es alcan\u00e7a quinze unidades fabris no Brasil, resultado da entrada de dois complexos industriais abrangidos pelo pacote negociado.<\/p>\n\n\n\n<p>Os estabelecimentos est\u00e3o situados em Pouso Alegre, Minas Gerais, e Campo Novo do Parecis, Mato Grosso, localidades integradas ao novo desenho industrial.<\/p>\n\n\n\n<p>O escrit\u00f3rio administrativo de S\u00e3o Bernardo do Campo, em S\u00e3o Paulo, tamb\u00e9m integra o conjunto transferido e amplia a presen\u00e7a corporativa do novo propriet\u00e1rio no estado.<\/p>\n\n\n\n<p>O processo de integra\u00e7\u00e3o mant\u00e9m as equipes vinculadas aos locais inclu\u00eddos no contrato, com prioridade para a continuidade das rotinas internas.<\/p>\n\n\n\n<p>A rede de distribui\u00e7\u00e3o nacional ser\u00e1 usada para ampliar o alcance das mercadorias, sem altera\u00e7\u00f5es previstas na identidade de Yoki e Kitano.<\/p>\n\n\n\n<p>Em 2025, a divis\u00e3o brasileira registrou aproximadamente US$ 350 milh\u00f5es em receita l\u00edquida, indicador que revela a relev\u00e2ncia financeira do bloco negociado.<\/p>\n\n\n\n<p>A antiga propriet\u00e1ria associou a retirada a uma revis\u00e3o mundial de investimentos, criada para concentrar recursos nas categorias consideradas priorit\u00e1rias por sua dire\u00e7\u00e3o.<\/p>\n<\/div>","protected":false},"excerpt":{"rendered":"<p>3cora\u00e7\u00f5es assume Yoki e Kitano e eleva sua estrutura nacional para quinze f\u00e1bricas, ap\u00f3s a entrada de plantas localizadas em Minas Gerais e Mato Grosso. Yoki e Kitano agora pertencem \u00e0 3cora\u00e7\u00f5es, ap\u00f3s a formaliza\u00e7\u00e3o do contrato que avaliou as atividades brasileiras da General Mills em R$ 800 milh\u00f5es. A mudan\u00e7a amplia o escopo da &hellip;<\/p>\n","protected":false},"author":4,"featured_media":59804,"comment_status":"open","ping_status":"open","sticky":false,"template":"","format":"standard","meta":{"footnotes":""},"categories":[3],"tags":[],"class_list":["post-59798","post","type-post","status-publish","format-standard","has-post-thumbnail","hentry","category-economia-e-negocios"],"amp_enabled":true,"_links":{"self":[{"href":"https:\/\/www.solucoesindustriais.com.br\/news\/wp-json\/wp\/v2\/posts\/59798","targetHints":{"allow":["GET"]}}],"collection":[{"href":"https:\/\/www.solucoesindustriais.com.br\/news\/wp-json\/wp\/v2\/posts"}],"about":[{"href":"https:\/\/www.solucoesindustriais.com.br\/news\/wp-json\/wp\/v2\/types\/post"}],"author":[{"embeddable":true,"href":"https:\/\/www.solucoesindustriais.com.br\/news\/wp-json\/wp\/v2\/users\/4"}],"replies":[{"embeddable":true,"href":"https:\/\/www.solucoesindustriais.com.br\/news\/wp-json\/wp\/v2\/comments?post=59798"}],"version-history":[{"count":1,"href":"https:\/\/www.solucoesindustriais.com.br\/news\/wp-json\/wp\/v2\/posts\/59798\/revisions"}],"predecessor-version":[{"id":59805,"href":"https:\/\/www.solucoesindustriais.com.br\/news\/wp-json\/wp\/v2\/posts\/59798\/revisions\/59805"}],"wp:featuredmedia":[{"embeddable":true,"href":"https:\/\/www.solucoesindustriais.com.br\/news\/wp-json\/wp\/v2\/media\/59804"}],"wp:attachment":[{"href":"https:\/\/www.solucoesindustriais.com.br\/news\/wp-json\/wp\/v2\/media?parent=59798"}],"wp:term":[{"taxonomy":"category","embeddable":true,"href":"https:\/\/www.solucoesindustriais.com.br\/news\/wp-json\/wp\/v2\/categories?post=59798"},{"taxonomy":"post_tag","embeddable":true,"href":"https:\/\/www.solucoesindustriais.com.br\/news\/wp-json\/wp\/v2\/tags?post=59798"}],"curies":[{"name":"wp","href":"https:\/\/api.w.org\/{rel}","templated":true}]}}