{"id":59801,"date":"2026-09-04T12:00:00","date_gmt":"2026-09-04T15:00:00","guid":{"rendered":"https:\/\/www.solucoesindustriais.com.br\/news\/?p=59801"},"modified":"2026-09-04T12:31:37","modified_gmt":"2026-09-04T15:31:37","slug":"novo-plano-da-volkswagen","status":"publish","type":"post","link":"https:\/\/www.solucoesindustriais.com.br\/news\/industria-e-tendencias\/novo-plano-da-volkswagen\/","title":{"rendered":"Novo plano da Volkswagen elimina mais 50 mil postos"},"content":{"rendered":"<div class=\"tts_content_wrapper_1\" >\n<h3 class=\"wp-block-heading\">O plano da Volkswagen surge ap\u00f3s uma sequ\u00eancia de resultados enfraquecidos pela retra\u00e7\u00e3o das vendas na China, pelas tarifas estadunidenses e pelo avan\u00e7o das montadoras asi\u00e1ticas.<\/h3>\n\n\n\n<p>A Volkswagen ampliou a maior reestrutura\u00e7\u00e3o de sua hist\u00f3ria ao aprovar a retirada de mais 50 mil postos at\u00e9 2030 em diferentes n\u00edveis da organiza\u00e7\u00e3o. Com o novo pacote, o total de empregos previstos para extin\u00e7\u00e3o chega a 100 mil, numa estrat\u00e9gia criada para conter custos e recuperar competitividade.<\/p>\n\n\n\n<h2 class=\"wp-block-heading\">Volkswagen aprova nova etapa de cortes<\/h2>\n\n\n\n<p>Os planos de emprego da Volkswagen passaram a prever a extin\u00e7\u00e3o de 100 mil vagas at\u00e9 2030, ap\u00f3s o conselho validar uma nova rodada com 50 mil cortes.<\/p>\n\n\n\n<p>Metade desse contingente j\u00e1 fazia parte de uma etapa divulgada em mar\u00e7o, enquanto os demais desligamentos receberam aprova\u00e7\u00e3o nesta nova delibera\u00e7\u00e3o.<\/p>\n\n\n\n<p>A medida tamb\u00e9m abrange postos de lideran\u00e7a e integra a mais extensa reforma corporativa promovida pela montadora em quase nove d\u00e9cadas de atividade.<\/p>\n\n\n\n<p>Ao final de 2025, o conglomerado possu\u00eda mais de 660 mil funcion\u00e1rios em diversos pa\u00edses, n\u00famero que evidencia a dimens\u00e3o internacional da reorganiza\u00e7\u00e3o aprovada.<\/p>\n\n\n\n<h2 class=\"wp-block-heading\">Revis\u00e3o alcan\u00e7a opera\u00e7\u00f5es industriais<\/h2>\n\n\n\n<p>As unidades de Emden, Zwickau, Hanover e Neckarsulm entraram na revis\u00e3o industrial porque a capacidade dispon\u00edvel supera as necessidades comerciais, motivo que levou a companhia a estudar outras fun\u00e7\u00f5es para as instala\u00e7\u00f5es.<\/p>\n\n\n\n<p>At\u00e9 2035, o grupo pretende retirar metade dos modelos de circula\u00e7\u00e3o e reduzir em 75% a complexidade associada \u00e0 oferta de ve\u00edculos.<\/p>\n\n\n\n<p>Com menos op\u00e7\u00f5es no cat\u00e1logo, a Volkswagen poder\u00e1 ampliar as s\u00e9ries dos autom\u00f3veis priorit\u00e1rios, estrat\u00e9gia voltada \u00e0 queda dos custos por unidade produzida.<\/p>\n\n\n\n<p>A urg\u00eancia do programa decorre de uma perda acentuada de lucros, acompanhada por vendas menores em mercados essenciais para os neg\u00f3cios da fabricante.<\/p>\n\n\n\n<p>Na China, empresas locais conquistaram participa\u00e7\u00e3o com pre\u00e7os competitivos e tecnologias recentes, ao passo que tarifas de importa\u00e7\u00e3o prejudicaram as opera\u00e7\u00f5es nos Estados Unidos.<\/p>\n\n\n\n<p>A principal entidade sindical do setor industrial alem\u00e3o informou que participou das negocia\u00e7\u00f5es em busca de medidas adequadas ao per\u00edodo de crise.<\/p>\n<\/div>","protected":false},"excerpt":{"rendered":"<p>O plano da Volkswagen surge ap\u00f3s uma sequ\u00eancia de resultados enfraquecidos pela retra\u00e7\u00e3o das vendas na China, pelas tarifas estadunidenses e pelo avan\u00e7o das montadoras asi\u00e1ticas. A Volkswagen ampliou a maior reestrutura\u00e7\u00e3o de sua hist\u00f3ria ao aprovar a retirada de mais 50 mil postos at\u00e9 2030 em diferentes n\u00edveis da organiza\u00e7\u00e3o. Com o novo pacote, &hellip;<\/p>\n","protected":false},"author":5,"featured_media":59802,"comment_status":"open","ping_status":"open","sticky":false,"template":"","format":"standard","meta":{"footnotes":""},"categories":[1],"tags":[],"class_list":["post-59801","post","type-post","status-publish","format-standard","has-post-thumbnail","hentry","category-industria-e-tendencias"],"amp_enabled":true,"_links":{"self":[{"href":"https:\/\/www.solucoesindustriais.com.br\/news\/wp-json\/wp\/v2\/posts\/59801","targetHints":{"allow":["GET"]}}],"collection":[{"href":"https:\/\/www.solucoesindustriais.com.br\/news\/wp-json\/wp\/v2\/posts"}],"about":[{"href":"https:\/\/www.solucoesindustriais.com.br\/news\/wp-json\/wp\/v2\/types\/post"}],"author":[{"embeddable":true,"href":"https:\/\/www.solucoesindustriais.com.br\/news\/wp-json\/wp\/v2\/users\/5"}],"replies":[{"embeddable":true,"href":"https:\/\/www.solucoesindustriais.com.br\/news\/wp-json\/wp\/v2\/comments?post=59801"}],"version-history":[{"count":1,"href":"https:\/\/www.solucoesindustriais.com.br\/news\/wp-json\/wp\/v2\/posts\/59801\/revisions"}],"predecessor-version":[{"id":59803,"href":"https:\/\/www.solucoesindustriais.com.br\/news\/wp-json\/wp\/v2\/posts\/59801\/revisions\/59803"}],"wp:featuredmedia":[{"embeddable":true,"href":"https:\/\/www.solucoesindustriais.com.br\/news\/wp-json\/wp\/v2\/media\/59802"}],"wp:attachment":[{"href":"https:\/\/www.solucoesindustriais.com.br\/news\/wp-json\/wp\/v2\/media?parent=59801"}],"wp:term":[{"taxonomy":"category","embeddable":true,"href":"https:\/\/www.solucoesindustriais.com.br\/news\/wp-json\/wp\/v2\/categories?post=59801"},{"taxonomy":"post_tag","embeddable":true,"href":"https:\/\/www.solucoesindustriais.com.br\/news\/wp-json\/wp\/v2\/tags?post=59801"}],"curies":[{"name":"wp","href":"https:\/\/api.w.org\/{rel}","templated":true}]}}